{"id":30647,"date":"2017-09-10T15:42:00","date_gmt":"2017-09-10T20:42:00","guid":{"rendered":"http:\/\/contraluzcucuta.co\/?p=30647"},"modified":"2017-09-10T15:42:00","modified_gmt":"2017-09-10T20:42:00","slug":"festival-de-titeres-44-funciones-en-9-municipios-de-norte-de-santander","status":"publish","type":"post","link":"https:\/\/contraluzcucuta.co\/?p=30647","title":{"rendered":"FESTIVAL DE T\u00cdTERES. 44 funciones en 9 municipios de Norte de Santander"},"content":{"rendered":"<p><strong>C\u00daCUTA.-<\/strong> Diecis\u00e9is artistas nacionales y dos internacionales llegar\u00e1n a nueve municipios de Norte de Santander con espect\u00e1culos creados para ni\u00f1os y j\u00f3venes, en desarrollo del XIV Festival Internacional de T\u00edteres Ciudad de C\u00facuta.<\/p>\n<p>Los artistas de Colombia, Per\u00fa y Venezuela har\u00e1n 44 funciones, del &nbsp;8 al 30 de septiembre, en C\u00facuta, Los Patios, Tib\u00fa, El Zulia, San Cayetano, Pamplona, Villa del Rosario, Arboledas y Sardinata.<\/p>\n<p>Las presentaciones deleitar\u00e1n a miles de nortesantandereanos que ven en este tipo de escenarios el fomento cultural de los pueblos. Adem\u00e1s, fomentar\u00e1n enlaces internacionales que permitir\u00e1n el intercambio de experiencias culturales en la regi\u00f3n.<\/p>\n<p>El secretario de Cultura de Norte de Santander, C\u00e9sar Rojas Ram\u00edrez, dijo que \u201cla administraci\u00f3n departamental apoya ocho festivales anuales de diferentes \u00e1reas de la cultura\u201d. El de t\u00edteres es uno de los representativos y se destinaron $ 30 millones para la ejecuci\u00f3n.<\/p>\n<p>En el acto inaugural del Festival el gobierno departamental rindi\u00f3 homenaje al maestro Rodrigo Jim\u00e9nez, director de la compa\u00f1\u00eda de t\u00edteres \u2018La Loca\u2019, de Armenia, en 40 a\u00f1os de trayectoria.<\/p>\n<p>Jim\u00e9nez destac\u00f3 la importancia del festival, que llega a distintos espacios de la sociedad con funciones gratuitas. El artista agradeci\u00f3 el reconocimiento al esfuerzo durante cuatro d\u00e9cadas dedicado a las artes esc\u00e9nicas. <\/p>\n","protected":false},"excerpt":{"rendered":"<p>C\u00daCUTA.- Diecis\u00e9is artistas nacionales y dos internacionales llegar\u00e1n a nueve municipios de Norte de Santander con espect\u00e1culos creados para ni\u00f1os y j\u00f3venes, en desarrollo del XIV Festival Internacional de T\u00edteres Ciudad de C\u00facuta. Los artistas de Colombia, Per\u00fa y Venezuela har\u00e1n 44 funciones, del &nbsp;8 al 30 de septiembre, en C\u00facuta, Los Patios, Tib\u00fa, El &hellip;<\/p>\n","protected":false},"author":1,"featured_media":30648,"comment_status":"open","ping_status":"open","sticky":false,"template":"","format":"standard","meta":{"footnotes":""},"categories":[4,37,32],"tags":[3781,2891],"class_list":["post-30647","post","type-post","status-publish","format-standard","has-post-thumbnail","hentry","category-barra","category-paseo-cultural","category-recorrido-por-la-region","tag-festival-de-titeres","tag-secretaria-de-cultura-de-norte-de-santander"],"_links":{"self":[{"href":"https:\/\/contraluzcucuta.co\/index.php?rest_route=\/wp\/v2\/posts\/30647","targetHints":{"allow":["GET"]}}],"collection":[{"href":"https:\/\/contraluzcucuta.co\/index.php?rest_route=\/wp\/v2\/posts"}],"about":[{"href":"https:\/\/contraluzcucuta.co\/index.php?rest_route=\/wp\/v2\/types\/post"}],"author":[{"embeddable":true,"href":"https:\/\/contraluzcucuta.co\/index.php?rest_route=\/wp\/v2\/users\/1"}],"replies":[{"embeddable":true,"href":"https:\/\/contraluzcucuta.co\/index.php?rest_route=%2Fwp%2Fv2%2Fcomments&post=30647"}],"version-history":[{"count":1,"href":"https:\/\/contraluzcucuta.co\/index.php?rest_route=\/wp\/v2\/posts\/30647\/revisions"}],"predecessor-version":[{"id":30649,"href":"https:\/\/contraluzcucuta.co\/index.php?rest_route=\/wp\/v2\/posts\/30647\/revisions\/30649"}],"wp:featuredmedia":[{"embeddable":true,"href":"https:\/\/contraluzcucuta.co\/index.php?rest_route=\/wp\/v2\/media\/30648"}],"wp:attachment":[{"href":"https:\/\/contraluzcucuta.co\/index.php?rest_route=%2Fwp%2Fv2%2Fmedia&parent=30647"}],"wp:term":[{"taxonomy":"category","embeddable":true,"href":"https:\/\/contraluzcucuta.co\/index.php?rest_route=%2Fwp%2Fv2%2Fcategories&post=30647"},{"taxonomy":"post_tag","embeddable":true,"href":"https:\/\/contraluzcucuta.co\/index.php?rest_route=%2Fwp%2Fv2%2Ftags&post=30647"}],"curies":[{"name":"wp","href":"https:\/\/api.w.org\/{rel}","templated":true}]}}