{"id":30643,"date":"2017-09-06T22:22:06","date_gmt":"2017-09-07T03:22:06","guid":{"rendered":"http:\/\/contraluzcucuta.co\/?p=30643"},"modified":"2017-09-06T22:22:06","modified_gmt":"2017-09-07T03:22:06","slug":"propuesta-alcalde-se-compromete-con-la-zona-industrial","status":"publish","type":"post","link":"https:\/\/contraluzcucuta.co\/?p=30643","title":{"rendered":"PROPUESTA. Alcalde se compromete con la zona industrial"},"content":{"rendered":"<p><strong>C\u00daCUTA.-<\/strong> \u201cHacer&nbsp; acciones\u201d es la propuesta que dio el Alcalde de C\u00facuta, C\u00e9sar Omar Rojas Ayala, luego de la visita oficial a la Zona Industrial de la ciudad, para compartir e intercambiar pareceres con propietarios de factor\u00edas instaladas a\u00f1os atr\u00e1s en ese sector de la ciudad.<\/p>\n<p>\u201cMe he comprometido a que el viernes estar\u00e9 ac\u00e1 de nuevo con el Secretario de Infraestructura para revisar algunas v\u00edas\u201d asegur\u00f3 el mandatario local quien tampoco dejo de lado tocar temas sensibles con los industriales, referentes a la seguridad y la posibilidad de conseguir incentivos con el Gobierno Nacional para este rengl\u00f3n de la econom\u00eda local que se agrupa en Corpoindustrial, actualmente y pese a las circunstancias generador de 10.000 empleos.<\/p>\n<p>En un encuentro cordial con los voceros de los industriales, Mar\u00eda del Carmen Dur\u00e1n, Gerente del Grupo Nova, precis\u00f3 \u201cestuvimos trabajando y cont\u00e1ndole al alcalde cuales han sido nuestros adelantos que hemos hecho de pavimentaci\u00f3n de v\u00edas. Quer\u00edamos que el alcalde nos apoyara y quedamos en un compromiso de aqu\u00ed a diciembre\u201d. Compromiso que se relaciona con el estado de las v\u00edas en la Zona Industrial. <\/p>\n","protected":false},"excerpt":{"rendered":"<p>C\u00daCUTA.- \u201cHacer&nbsp; acciones\u201d es la propuesta que dio el Alcalde de C\u00facuta, C\u00e9sar Omar Rojas Ayala, luego de la visita oficial a la Zona Industrial de la ciudad, para compartir e intercambiar pareceres con propietarios de factor\u00edas instaladas a\u00f1os atr\u00e1s en ese sector de la ciudad. \u201cMe he comprometido a que el viernes estar\u00e9 ac\u00e1 &hellip;<\/p>\n","protected":false},"author":1,"featured_media":30644,"comment_status":"open","ping_status":"open","sticky":false,"template":"","format":"standard","meta":{"footnotes":""},"categories":[2625],"tags":[2733,3780],"class_list":["post-30643","post","type-post","status-publish","format-standard","has-post-thumbnail","hentry","category-alcaldia-de-cucuta","tag-alcalde-cesar-rojas","tag-zona-industrial"],"_links":{"self":[{"href":"https:\/\/contraluzcucuta.co\/index.php?rest_route=\/wp\/v2\/posts\/30643","targetHints":{"allow":["GET"]}}],"collection":[{"href":"https:\/\/contraluzcucuta.co\/index.php?rest_route=\/wp\/v2\/posts"}],"about":[{"href":"https:\/\/contraluzcucuta.co\/index.php?rest_route=\/wp\/v2\/types\/post"}],"author":[{"embeddable":true,"href":"https:\/\/contraluzcucuta.co\/index.php?rest_route=\/wp\/v2\/users\/1"}],"replies":[{"embeddable":true,"href":"https:\/\/contraluzcucuta.co\/index.php?rest_route=%2Fwp%2Fv2%2Fcomments&post=30643"}],"version-history":[{"count":1,"href":"https:\/\/contraluzcucuta.co\/index.php?rest_route=\/wp\/v2\/posts\/30643\/revisions"}],"predecessor-version":[{"id":30645,"href":"https:\/\/contraluzcucuta.co\/index.php?rest_route=\/wp\/v2\/posts\/30643\/revisions\/30645"}],"wp:featuredmedia":[{"embeddable":true,"href":"https:\/\/contraluzcucuta.co\/index.php?rest_route=\/wp\/v2\/media\/30644"}],"wp:attachment":[{"href":"https:\/\/contraluzcucuta.co\/index.php?rest_route=%2Fwp%2Fv2%2Fmedia&parent=30643"}],"wp:term":[{"taxonomy":"category","embeddable":true,"href":"https:\/\/contraluzcucuta.co\/index.php?rest_route=%2Fwp%2Fv2%2Fcategories&post=30643"},{"taxonomy":"post_tag","embeddable":true,"href":"https:\/\/contraluzcucuta.co\/index.php?rest_route=%2Fwp%2Fv2%2Ftags&post=30643"}],"curies":[{"name":"wp","href":"https:\/\/api.w.org\/{rel}","templated":true}]}}