{"id":30640,"date":"2017-09-06T22:06:51","date_gmt":"2017-09-07T03:06:51","guid":{"rendered":"http:\/\/contraluzcucuta.co\/?p=30640"},"modified":"2017-09-06T22:06:51","modified_gmt":"2017-09-07T03:06:51","slug":"opinion-de-la-guerra-la-politica","status":"publish","type":"post","link":"https:\/\/contraluzcucuta.co\/?p=30640","title":{"rendered":"OPINI\u00d3N. De la guerra a  la pol\u00edtica"},"content":{"rendered":"<p>El periplo ejemplarizante&nbsp; que han&nbsp; recorrido las fuerzas insurgentes de las Farc-Ep,&nbsp; desde los&nbsp; rincones profundos&nbsp; de las selvas colombianas hasta el Centro de Convenciones \u2018Gonzalo Jim\u00e9nez de Quesada\u2019, en Bogot\u00e1, marca un hecho hist\u00f3rico de amplias y profundas repercusiones en la vida pol\u00edtica y social de Colombia. Si bien se mantuvo por m\u00e1s de 50 a\u00f1os en &nbsp;las arideces, tragedias y dificultades &nbsp;de la lucha armada, en la cual vio desaparecer a sus hombres m\u00e1s significativos, su concepci\u00f3n de guerra popular la mantuvo unida a la vida pol\u00edtica y cotidiana de sus bases revolucionarias, que&nbsp; siempre creyeron, con fe ciega, en la raz\u00f3n hist\u00f3rica de su planteamiento, luchar con las armas en las manos por&nbsp; la tierra para los campesinos de Colombia.<\/p>\n<p>La opini\u00f3n pol\u00edtica nacional e internacional est\u00e1 pendiente de cu\u00e1l va a ser la hoja de ruta pol\u00edtica de esta nueva organizaci\u00f3n que viene a llenar un vac\u00edo de democracia real, cuando la experiencia pol\u00edtica anterior, emprendida por las Farc, desencaden\u00f3 en una &nbsp;masacre de l\u00edderes sociales &nbsp;que termin\u00f3 la esperanza sembrada por la Uni\u00f3n Patri\u00f3tica. Un genocidio de esta magnitud no se puede repetir&nbsp; y la direcci\u00f3n&nbsp; pol\u00edtica de las antiguas Farc es consciente de esta grave posibilidad.<\/p>\n<p>Por esta raz\u00f3n, han buscado el mejor sitio, ante los ojos del pa\u00eds y del mundo, para convocarse con sus antiguos combatientes, hoy en paso acelerado&nbsp; a ser su nueva militancia legal.&nbsp; Han aprovechado el momento&nbsp; crucial que&nbsp; se&nbsp; vive para&nbsp; invitar a los&nbsp; candidatos presidenciales de los partidos pol\u00edticos a que expresen ante sus huestes pol\u00edticas las razones fundamentales que plantean&nbsp; para construir un proyecto de naci\u00f3n entre todos los colombianos, que les permita, por fin, dejar&nbsp; atr\u00e1s la guerra y la violencia y&nbsp; edificar una naci\u00f3n en busca deldesarrollo con justicia social y paz.<\/p>\n<p>Al respecto afirman: \u201cNuestra apuesta total es por ampliar la democracia y&nbsp; estamos abiertos a escuchar la pluralidad de voces. Esperamos que asistan, incluyendo a los candidatos del Centro Democr\u00e1tico\u201d,&nbsp; expresaron los miembros del Secretariado de las&nbsp; antiguas Farc.<\/p>\n<p>La sociedad colombiana est\u00e1 expectante por conocer el programa pol\u00edtico que saldr\u00e1 despu\u00e9s de varios d\u00edas de deliberaciones, saber el nombre del nuevo partido, de los principales candidatos, qui\u00e9nes encabezaran las listas al Senado y a la C\u00e1mara de Representantes, as\u00ed como a las asambleas y concejos.<\/p>\n<p>Han manifestado no estar interesados en estos momentos en una candidatura presidencial directa, &nbsp;sino, &nbsp;m\u00e1s bien, juntar esfuerzos para buscar un candidato presidencial de unidad con otras fuerzas pol\u00edticas nacionales, siempre y cuando, garantice el fiel cumplimiento de los Acuerdos de Paz suscritos en La Habana.<\/p>\n<p>El gran valor pol\u00edtico de la dirigencia de las Farc radica en que cuando tuvieron conciencia clara de su deficiencia pol\u00edtica y de las restricciones que les impon\u00eda su esquema militar, comprendieron que el problema se iba a resolver por un proceso pol\u00edtico de fondo, &nbsp;decidieron&nbsp; &nbsp;voltear la p\u00e1gina y ganar en un Acuerdo de Paz con el Gobierno del Presidente Juan Manuel Santos, la posibilidad de transformarse en un movimiento pol\u00edtico &nbsp;comprometido con los planteamientos de &nbsp;justicia social para los campesinos y los sectores empobrecidos de&nbsp; Colombia, por los cuales han luchado.<\/p>\n<p>Como dem\u00f3crata que soy, me mantengo atento a todos los pasos sencillos&nbsp; y &nbsp;complejosque han dado para llegar hasta el d\u00eda de hoy, cuando realizan &nbsp;su primer Congreso Nacional, con la consigna:\u201cPor un Gobierno de Transici\u00f3n para la Reconciliaci\u00f3n y la Paz\u201d. Esperoque salgan fortalecidos en estas primeras pruebas democr\u00e1ticas y puedan&nbsp; iniciar su largo recorrido para beneficio de la sociedad colombiana, con la esperanza de: \u201cOtra Democracia, m\u00e1s ancha y profunda es posible\u201d.<\/p>\n<p>Estoy convencido que sectores sociales y pol\u00edticos de nuestra naci\u00f3n premiaran la vocaci\u00f3n de Paz que han ense\u00f1ado y mostrado durante estos \u00faltimos a\u00f1os las ya extinguidas Farc&nbsp; y que respaldaran con sus votos en las urnas la valiente decisi\u00f3n de hacer el tr\u00e1nsito\u201cde la guerra a la pol\u00edtica\u201d.&nbsp; Bienvenidos a construir entre todos la naci\u00f3n de nuestros sue\u00f1os.<\/p>\n<p><strong>ALONSO OJEDA AWAD<\/strong><\/p>\n<p><strong>Vicepresidente del Comit\u00e9 Permanente de Defensa de los Derechos Humanos. CPDH<\/strong> <\/p>\n","protected":false},"excerpt":{"rendered":"<p>El periplo ejemplarizante&nbsp; que han&nbsp; recorrido las fuerzas insurgentes de las Farc-Ep,&nbsp; desde los&nbsp; rincones profundos&nbsp; de las selvas colombianas hasta el Centro de Convenciones \u2018Gonzalo Jim\u00e9nez de Quesada\u2019, en Bogot\u00e1, marca un hecho hist\u00f3rico de amplias y profundas repercusiones en la vida pol\u00edtica y social de Colombia. Si bien se mantuvo por m\u00e1s de &hellip;<\/p>\n","protected":false},"author":1,"featured_media":30641,"comment_status":"open","ping_status":"open","sticky":false,"template":"","format":"standard","meta":{"footnotes":""},"categories":[14,4],"tags":[1004,1874],"class_list":["post-30640","post","type-post","status-publish","format-standard","has-post-thumbnail","hentry","category-articulistas","category-barra","tag-alonso-ojeda-awad","tag-farc"],"_links":{"self":[{"href":"https:\/\/contraluzcucuta.co\/index.php?rest_route=\/wp\/v2\/posts\/30640","targetHints":{"allow":["GET"]}}],"collection":[{"href":"https:\/\/contraluzcucuta.co\/index.php?rest_route=\/wp\/v2\/posts"}],"about":[{"href":"https:\/\/contraluzcucuta.co\/index.php?rest_route=\/wp\/v2\/types\/post"}],"author":[{"embeddable":true,"href":"https:\/\/contraluzcucuta.co\/index.php?rest_route=\/wp\/v2\/users\/1"}],"replies":[{"embeddable":true,"href":"https:\/\/contraluzcucuta.co\/index.php?rest_route=%2Fwp%2Fv2%2Fcomments&post=30640"}],"version-history":[{"count":1,"href":"https:\/\/contraluzcucuta.co\/index.php?rest_route=\/wp\/v2\/posts\/30640\/revisions"}],"predecessor-version":[{"id":30642,"href":"https:\/\/contraluzcucuta.co\/index.php?rest_route=\/wp\/v2\/posts\/30640\/revisions\/30642"}],"wp:featuredmedia":[{"embeddable":true,"href":"https:\/\/contraluzcucuta.co\/index.php?rest_route=\/wp\/v2\/media\/30641"}],"wp:attachment":[{"href":"https:\/\/contraluzcucuta.co\/index.php?rest_route=%2Fwp%2Fv2%2Fmedia&parent=30640"}],"wp:term":[{"taxonomy":"category","embeddable":true,"href":"https:\/\/contraluzcucuta.co\/index.php?rest_route=%2Fwp%2Fv2%2Fcategories&post=30640"},{"taxonomy":"post_tag","embeddable":true,"href":"https:\/\/contraluzcucuta.co\/index.php?rest_route=%2Fwp%2Fv2%2Ftags&post=30640"}],"curies":[{"name":"wp","href":"https:\/\/api.w.org\/{rel}","templated":true}]}}