{"id":30634,"date":"2017-09-06T21:06:32","date_gmt":"2017-09-07T02:06:32","guid":{"rendered":"http:\/\/contraluzcucuta.co\/?p=30634"},"modified":"2017-09-06T21:06:33","modified_gmt":"2017-09-07T02:06:33","slug":"visita-del-papa-papamovil-tripulacion-y-ornamentos-colombianos-para-francisco","status":"publish","type":"post","link":"https:\/\/contraluzcucuta.co\/?p=30634","title":{"rendered":"VISITA DEL PAPA. Papam\u00f3vil, tripulaci\u00f3n y ornamentos colombianos para Francisco"},"content":{"rendered":"<p><strong>BOGOT\u00c1 (SIG). <\/strong>A partir de la llegada a Colombia, este mi\u00e9rcoles, para una visita de cuatro d\u00edas, el papa Francisco se transportar\u00e1 en veh\u00edculos hechos en el pa\u00eds, viajar\u00e1 en aviones tripulados por pilotos colombianos y oficiar\u00e1 las misas vestido con ornamentos dise\u00f1ados y confeccionados por artesanos del pa\u00eds.<\/p>\n<p>Para celebrar las cuatro misas en los cuatro d\u00edas de permanencia en Colombia, artesanos de distintas regiones colombianas elaboraron los ornamentos que se obsequiar\u00e1n al Papa.<\/p>\n<p>\u201cEl Papa viene a celebrar la salvaci\u00f3n. Por eso quisimos que el arte, el buen gusto y la calidad art\u00edstica estuvieran en la elaboraci\u00f3n de las vestiduras lit\u00fargicas\u201d, explic\u00f3 el obispo castrense y director ejecutivo de la Visita, monse\u00f1or Fabio Suesc\u00fan Mutis.<\/p>\n<p><strong>Ornamentos lit\u00fargicos<\/strong><\/p>\n<p>Casullas, mitras y estolas que llevar\u00e1 el Pont\u00edfice fueron bordadas por artesanos de los talleres de ornamentos Taolit e Hijas de la Iglesia; en Cartago (Valle del Cauca), en la rancher\u00eda Mak\u00fa (Guajira) y en los telares del pueblo ind\u00edgena Katm\u00ebts\u00e1 del Putumayo.<\/p>\n<p>La Federaci\u00f3n Nacional de Cafeteros obsequi\u00f3 los b\u00e1culos hechos en madera de matas de caf\u00e9 en la tierra productora del grano, que tiene un fuerte arraigo cristiano.<\/p>\n<p>\u201cEl papa Francisco al estrechar su b\u00e1culo har\u00e1 que los cafeteros dirijamos la mirada al cielo colombiano y al cielo de todos para agradecerle al creador los granos que se cosechan y que nos mantienen unidos y en paz\u201d, afirmaron directivos de la Federaci\u00f3n.<\/p>\n<p>Dos de los b\u00e1culos fueron tallados por Edgar Javier D\u00edaz, de La Cumbre (Valle del Cauca) y otro fue elaborado por Juan Escobar, arquitecto manizalita.<\/p>\n<p><strong>Papam\u00f3vil y tripulaciones<\/strong><\/p>\n<p>Para transportarse en las ciudades colombianas, el Pont\u00edfice utilizar\u00e1 tres papam\u00f3viles elaborados en Bogot\u00e1 por General Motors Colmotores en la planta del sur de Bogot\u00e1. Los veh\u00edculos fueron montados sobre chasises de camionetas.<\/p>\n<p>El 28 de agosto, en el lanzamiento de la visita papal, el presidente Juan Manuel Santos recibi\u00f3 las llaves de los veh\u00edculos. \u201cEs un orgullo para nosotros los colombianos que este papam\u00f3vil haya sido hecho por mano de obra ciento por ciento colombiana. Se le ve la calidad y se le ve que ha sido construido con mucha precisi\u00f3n, con mucho cuidado y con mucho amor. Estoy seguro de que el papa va a estar muy contento en este papam\u00f3vil\u201d, dijo.<\/p>\n<p>El veh\u00edculo destinado a Villavicencio, que luego se usar\u00e1 en Cartagena, tiene la imagen de la Virgen de Chiquinquir\u00e1. El que se utilizar\u00e1 en Medell\u00edn tiene el escudo del club de f\u00fatbol San Lorenzo de Almagro, el equipo del Papa.<\/p>\n<p>Los papam\u00f3viles tienen un letrero que dice: \u201cHecho por manos colombianas\u201d.<\/p>\n<p>Estos veh\u00edculos tendr\u00e1n utilidad luego de la vista a Colombia, y se enviar\u00e1n a otros pa\u00edses en los que el Papa estar\u00e1 dentro de pocos meses.<\/p>\n<p>Ese d\u00eda se present\u00f3 tambi\u00e9n la tripulaci\u00f3n de la aerol\u00ednea Avianca que atender\u00e1 al Papa en sus traslados dentro de Colombia hasta el pr\u00f3ximo domingo, cuando concluye la visita.<\/p>\n<p>Cerca de 68 personas de Avianca entre pilotos, auxiliares de vuelo e ingenieros de seguridad, tendr\u00e1n la misi\u00f3n de transportar al Pont\u00edfice durante su visita a Colombia.<\/p>\n<p>Esta tripulaci\u00f3n har\u00e1 los vuelos del Airbus A320 destinado para transportar al Pont\u00edfice a Villavicencio, Medellin y Cartagena, as\u00ed como el Boeing 787 Dreamliner en el que el Papa regresar\u00e1 a Roma.<\/p>\n<p><strong>El alojamiento del Papa<\/strong><\/p>\n<p>Monse\u00f1or Ettore Balestrero, Nuncio Apost\u00f3lico en Colombia, aclar\u00f3 que el Papa no hace exigencias materiales y est\u00e1 a gusto con la comida de los sitios que visita.<\/p>\n<p>En la Nunciatura, donde se alojar\u00e1 el sucesor de Pedro, en el barrio Teusaquillo, lo esperan con distintos men\u00fas en los cuales figuran platos y postres de varias zonas colombianas preparados por un equipo dirigido por la chef Carmenza Morales.<\/p>\n<p>A Jorge Mario Bergoglio, quien desde 2013 es el papa Francisco, le gustan los bananos y el ajiaco bogotano, que conoci\u00f3 en varias visitas a Colombia cuando era obispo en su Argentina natal. Tambi\u00e9n le ofrecer\u00e1n comida t\u00edpica de las dem\u00e1s ciudades que visitar\u00e1, que son Villavicencio, Medell\u00edn y Cartagena. <\/p>\n","protected":false},"excerpt":{"rendered":"<p>BOGOT\u00c1 (SIG). A partir de la llegada a Colombia, este mi\u00e9rcoles, para una visita de cuatro d\u00edas, el papa Francisco se transportar\u00e1 en veh\u00edculos hechos en el pa\u00eds, viajar\u00e1 en aviones tripulados por pilotos colombianos y oficiar\u00e1 las misas vestido con ornamentos dise\u00f1ados y confeccionados por artesanos del pa\u00eds. Para celebrar las cuatro misas en &hellip;<\/p>\n","protected":false},"author":1,"featured_media":30635,"comment_status":"open","ping_status":"open","sticky":false,"template":"","format":"standard","meta":{"footnotes":""},"categories":[45,4],"tags":[594,3779,3528],"class_list":["post-30634","post","type-post","status-publish","format-standard","has-post-thumbnail","hentry","category-destacado","category-barra","tag-papa-francisco","tag-papamovil","tag-visita-papal"],"_links":{"self":[{"href":"https:\/\/contraluzcucuta.co\/index.php?rest_route=\/wp\/v2\/posts\/30634","targetHints":{"allow":["GET"]}}],"collection":[{"href":"https:\/\/contraluzcucuta.co\/index.php?rest_route=\/wp\/v2\/posts"}],"about":[{"href":"https:\/\/contraluzcucuta.co\/index.php?rest_route=\/wp\/v2\/types\/post"}],"author":[{"embeddable":true,"href":"https:\/\/contraluzcucuta.co\/index.php?rest_route=\/wp\/v2\/users\/1"}],"replies":[{"embeddable":true,"href":"https:\/\/contraluzcucuta.co\/index.php?rest_route=%2Fwp%2Fv2%2Fcomments&post=30634"}],"version-history":[{"count":1,"href":"https:\/\/contraluzcucuta.co\/index.php?rest_route=\/wp\/v2\/posts\/30634\/revisions"}],"predecessor-version":[{"id":30636,"href":"https:\/\/contraluzcucuta.co\/index.php?rest_route=\/wp\/v2\/posts\/30634\/revisions\/30636"}],"wp:featuredmedia":[{"embeddable":true,"href":"https:\/\/contraluzcucuta.co\/index.php?rest_route=\/wp\/v2\/media\/30635"}],"wp:attachment":[{"href":"https:\/\/contraluzcucuta.co\/index.php?rest_route=%2Fwp%2Fv2%2Fmedia&parent=30634"}],"wp:term":[{"taxonomy":"category","embeddable":true,"href":"https:\/\/contraluzcucuta.co\/index.php?rest_route=%2Fwp%2Fv2%2Fcategories&post=30634"},{"taxonomy":"post_tag","embeddable":true,"href":"https:\/\/contraluzcucuta.co\/index.php?rest_route=%2Fwp%2Fv2%2Ftags&post=30634"}],"curies":[{"name":"wp","href":"https:\/\/api.w.org\/{rel}","templated":true}]}}