{"id":30628,"date":"2017-09-06T20:02:15","date_gmt":"2017-09-07T01:02:15","guid":{"rendered":"http:\/\/contraluzcucuta.co\/?p=30628"},"modified":"2017-09-06T20:02:15","modified_gmt":"2017-09-07T01:02:15","slug":"visita-del-papa-opiniones-divididas-por-presencia-de-francisco-en-colombia","status":"publish","type":"post","link":"https:\/\/contraluzcucuta.co\/?p=30628","title":{"rendered":"VISITA DEL PAPA. Opiniones divididas por presencia de Francisco en Colombia"},"content":{"rendered":"<p><strong>C\u00daCUTA.-<\/strong> Treintai\u00fan a\u00f1os han trascurrido desde la visita del papa Juan Pablo Segundo a Colombia. Hoy, \u2018el pa\u00eds m\u00e1s feliz del mundo\u2019 o \u2018el pa\u00eds del Sagrado Coraz\u00f3n\u2019, como muchos lo denominan, recibe al papa Francisco. Bogot\u00e1 se paraliza y en las calles congestionadas los feligreses aguardaron la llegada de un santo. Unos m\u00e1s satisfechos que otros por la noticia.<\/p>\n<p>Desde C\u00facuta viajaron 250 j\u00f3venes escogidos por la Di\u00f3cesis, esos mismos que ser\u00e1n la voz cucute\u00f1a en el encuentro con el pont\u00edfice. En el aeropuerto recibi\u00f3 al ilustre visitante el arzobispo Oscar Urbina, oriundo de Arboledas (Norte de Santander), y Su Santidad escuch\u00f3 el bambuco \u2018Brisas del Pamplonita\u2019, canci\u00f3n que identifica a la capital de Norte de Santander.<\/p>\n<p>La visita abri\u00f3 la pol\u00e9mica &nbsp;y de un lado est\u00e1n quienes tienen argumento de peso, quienes hacen parte de otras religiones y quienes no tienen alguno sobre este asunto.<\/p>\n<p>El cucute\u00f1o Gustavo Pe\u00f1aloza, de 21 a\u00f1os, no hace parte de ninguna religi\u00f3n y tiene claro su punto de vista. \u201cLa llegada del Papa solo es una distracci\u00f3n. Hay problemas que podr\u00edan solucionarse con ese dinero\u201d. Reconoci\u00f3 que la mayor parte del pueblo colombiano es cat\u00f3lico y compar\u00f3 este acontecimiento con un partido de la selecci\u00f3n Colombia. \u201cMientras los que gobiernan distraen al pueblo con circo, eventos y dem\u00e1s, ellos hacen de las suyas con los recursos del pa\u00eds. De paso, con esos eventos a la gente se le olvidan los verdaderos problemas que nos est\u00e1 afectan\u201d.<\/p>\n<p>Eduardo Mendoza, de 23 a\u00f1os, oriundo de Villa del Rosario, es ateo. Cree que este es un tema pol\u00e9mico para muchos, porque ajeno o no al catolicismo, Francisco es un personaje importante en occidente y poderoso para la pol\u00edtica mundial. \u201cTeniendo en cuenta que el Vaticano es un pa\u00eds independiente, seg\u00fan s\u00e9, viene a tratar temas de paz y reconciliaci\u00f3n&#8221;. Dijo que la visita abre preguntas acerca del proceso de paz colombiano, porque en un principio no quiso comprometerse en el asunto.<\/p>\n<p>La din\u00e1mica de la organizaci\u00f3n de este espacio parti\u00f3 de mostrar lo que es Colombia,&nbsp; en la cultura, la posici\u00f3n frente al posconflicto y la diversidad que posee. Este es el papa 266, visitar\u00e1 varias ciudades y les da paso a tener una perspectiva diferente a los colombianos.<\/p>\n<p>Yuliana Mar\u00edn, de 20 a\u00f1os, pertenece a la iglesia cristiana, es oriunda de El Catatumbo. Piensa que el dinero recaudado para este evento, pudo haber sido invertido en otras \u00e1reas.<\/p>\n<p>Karla Garc\u00eda, de la Unidad de Evangelismo Centro, &nbsp;estim\u00f3 que el gasto la venida del papa es innecesario, \u201cpuesto que el dinero, se puedo haber&nbsp; invertido en educaci\u00f3n,&nbsp; salud y en espacios o &nbsp;personas vulnerables\u201d.<\/p>\n<p>Los canales privados de televisi\u00f3n RCN y Caracol dar\u00e1n &nbsp;a conocer &nbsp;cada paso que dar\u00e1 Francisco durante cuatro d\u00edas en tierras colombianas. Los fieles y los seguidores del pont\u00edfice irradian alegr\u00eda al saber que despu\u00e9s de 31 a\u00f1os vuelven a ver a un santo, aquel que para muchos trae paz, bondad y solidaridad, y que para otros, es absurdo o una p\u00e9rdida de tiempo.<\/p>\n<p>Shaka Ortiz estim\u00f3 que todo se basa en ocultar ciertas verdades. \u201cCuando el circo visita al pueblo, al pueblo no le importa gastar su dinero con tal de ser entretenido\u201d.<\/p>\n<p>As\u00ed var\u00edan los argumentos en favor y en contra de la presencia de Francisco en Bogot\u00e1, Medell\u00edn, Cartagena y Villavicencio. Diferentes pensamientos y perspectivas para una realidad. Es ah\u00ed cuando muchos ciudadanos preguntan \u00bfColombia realmente est\u00e1 preparada para estos cambios?<\/p>\n<p><strong>YULIANA MART\u00cdNEZ<\/strong><\/p>\n<p>&nbsp; <\/p>\n","protected":false},"excerpt":{"rendered":"<p>C\u00daCUTA.- Treintai\u00fan a\u00f1os han trascurrido desde la visita del papa Juan Pablo Segundo a Colombia. Hoy, \u2018el pa\u00eds m\u00e1s feliz del mundo\u2019 o \u2018el pa\u00eds del Sagrado Coraz\u00f3n\u2019, como muchos lo denominan, recibe al papa Francisco. Bogot\u00e1 se paraliza y en las calles congestionadas los feligreses aguardaron la llegada de un santo. Unos m\u00e1s satisfechos &hellip;<\/p>\n","protected":false},"author":1,"featured_media":30629,"comment_status":"open","ping_status":"open","sticky":false,"template":"","format":"standard","meta":{"footnotes":""},"categories":[45,4],"tags":[594,3778],"class_list":["post-30628","post","type-post","status-publish","format-standard","has-post-thumbnail","hentry","category-destacado","category-barra","tag-papa-francisco","tag-visita-a-colombia"],"_links":{"self":[{"href":"https:\/\/contraluzcucuta.co\/index.php?rest_route=\/wp\/v2\/posts\/30628","targetHints":{"allow":["GET"]}}],"collection":[{"href":"https:\/\/contraluzcucuta.co\/index.php?rest_route=\/wp\/v2\/posts"}],"about":[{"href":"https:\/\/contraluzcucuta.co\/index.php?rest_route=\/wp\/v2\/types\/post"}],"author":[{"embeddable":true,"href":"https:\/\/contraluzcucuta.co\/index.php?rest_route=\/wp\/v2\/users\/1"}],"replies":[{"embeddable":true,"href":"https:\/\/contraluzcucuta.co\/index.php?rest_route=%2Fwp%2Fv2%2Fcomments&post=30628"}],"version-history":[{"count":1,"href":"https:\/\/contraluzcucuta.co\/index.php?rest_route=\/wp\/v2\/posts\/30628\/revisions"}],"predecessor-version":[{"id":30630,"href":"https:\/\/contraluzcucuta.co\/index.php?rest_route=\/wp\/v2\/posts\/30628\/revisions\/30630"}],"wp:featuredmedia":[{"embeddable":true,"href":"https:\/\/contraluzcucuta.co\/index.php?rest_route=\/wp\/v2\/media\/30629"}],"wp:attachment":[{"href":"https:\/\/contraluzcucuta.co\/index.php?rest_route=%2Fwp%2Fv2%2Fmedia&parent=30628"}],"wp:term":[{"taxonomy":"category","embeddable":true,"href":"https:\/\/contraluzcucuta.co\/index.php?rest_route=%2Fwp%2Fv2%2Fcategories&post=30628"},{"taxonomy":"post_tag","embeddable":true,"href":"https:\/\/contraluzcucuta.co\/index.php?rest_route=%2Fwp%2Fv2%2Ftags&post=30628"}],"curies":[{"name":"wp","href":"https:\/\/api.w.org\/{rel}","templated":true}]}}