{"id":30615,"date":"2017-09-03T19:49:19","date_gmt":"2017-09-04T00:49:19","guid":{"rendered":"http:\/\/contraluzcucuta.co\/?p=30615"},"modified":"2017-09-03T19:49:19","modified_gmt":"2017-09-04T00:49:19","slug":"expocuc-130-empresarios-y-microempresarios-estaran-de-feria","status":"publish","type":"post","link":"https:\/\/contraluzcucuta.co\/?p=30615","title":{"rendered":"EXPOCUC. 130 empresarios y microempresarios estar\u00e1n de feria"},"content":{"rendered":"<p><strong>C\u00daCUTA.-<\/strong> La Secretar\u00eda del Banco del Progreso respalda al sector del calzado y similares y apoya la octava versi\u00f3n de Expocuc, instituida para impulsar la competitividad de la econom\u00eda local. La feria se cumplir\u00e1 del 20 al 22 de septiembre, en C\u00facuta.<\/p>\n<p>Esta es una renovaci\u00f3n estrat\u00e9gica para captar la atenci\u00f3n de compradores nacionales. Uno de los objetivos de Corpoincal es el fortalecimiento de del esquema corporativo conformado por 170 empresas productoras de calzado, art\u00edculos de cuero y similares, generadoras de m\u00e1s de 4500 empleos directos e indirectos.<\/p>\n<p>\u201cC\u00facuta oferta productos de excelente calidad y a buen precio, por eso le apostamos por ser la ciudad que calza a Colombia\u201d, dijo Lady Bermudez, Secretaria del Banco del Progreso.<\/p>\n<p>Compradores locales y nacionales encontrar\u00e1n en el recinto ferial la oferta de 130 empresarios y microempresarios. <\/p>\n","protected":false},"excerpt":{"rendered":"<p>C\u00daCUTA.- La Secretar\u00eda del Banco del Progreso respalda al sector del calzado y similares y apoya la octava versi\u00f3n de Expocuc, instituida para impulsar la competitividad de la econom\u00eda local. La feria se cumplir\u00e1 del 20 al 22 de septiembre, en C\u00facuta. Esta es una renovaci\u00f3n estrat\u00e9gica para captar la atenci\u00f3n de compradores nacionales. Uno &hellip;<\/p>\n","protected":false},"author":1,"featured_media":30616,"comment_status":"open","ping_status":"open","sticky":false,"template":"","format":"standard","meta":{"footnotes":""},"categories":[45],"tags":[2514,3775,1203],"class_list":["post-30615","post","type-post","status-publish","format-standard","has-post-thumbnail","hentry","category-destacado","tag-corpoincal","tag-expocuc","tag-feria-del-calzado-de-cucuta"],"_links":{"self":[{"href":"https:\/\/contraluzcucuta.co\/index.php?rest_route=\/wp\/v2\/posts\/30615","targetHints":{"allow":["GET"]}}],"collection":[{"href":"https:\/\/contraluzcucuta.co\/index.php?rest_route=\/wp\/v2\/posts"}],"about":[{"href":"https:\/\/contraluzcucuta.co\/index.php?rest_route=\/wp\/v2\/types\/post"}],"author":[{"embeddable":true,"href":"https:\/\/contraluzcucuta.co\/index.php?rest_route=\/wp\/v2\/users\/1"}],"replies":[{"embeddable":true,"href":"https:\/\/contraluzcucuta.co\/index.php?rest_route=%2Fwp%2Fv2%2Fcomments&post=30615"}],"version-history":[{"count":1,"href":"https:\/\/contraluzcucuta.co\/index.php?rest_route=\/wp\/v2\/posts\/30615\/revisions"}],"predecessor-version":[{"id":30617,"href":"https:\/\/contraluzcucuta.co\/index.php?rest_route=\/wp\/v2\/posts\/30615\/revisions\/30617"}],"wp:featuredmedia":[{"embeddable":true,"href":"https:\/\/contraluzcucuta.co\/index.php?rest_route=\/wp\/v2\/media\/30616"}],"wp:attachment":[{"href":"https:\/\/contraluzcucuta.co\/index.php?rest_route=%2Fwp%2Fv2%2Fmedia&parent=30615"}],"wp:term":[{"taxonomy":"category","embeddable":true,"href":"https:\/\/contraluzcucuta.co\/index.php?rest_route=%2Fwp%2Fv2%2Fcategories&post=30615"},{"taxonomy":"post_tag","embeddable":true,"href":"https:\/\/contraluzcucuta.co\/index.php?rest_route=%2Fwp%2Fv2%2Ftags&post=30615"}],"curies":[{"name":"wp","href":"https:\/\/api.w.org\/{rel}","templated":true}]}}