{"id":30565,"date":"2017-08-29T21:03:02","date_gmt":"2017-08-30T02:03:02","guid":{"rendered":"http:\/\/contraluzcucuta.co\/?p=30565"},"modified":"2017-08-29T21:03:02","modified_gmt":"2017-08-30T02:03:02","slug":"perfil-magda-carabinera-de-templanza","status":"publish","type":"post","link":"https:\/\/contraluzcucuta.co\/?p=30565","title":{"rendered":"PERFIL. Magda, carabinera de templanza"},"content":{"rendered":"<p><strong>C\u00daCUTA.-<\/strong> La patrullera Magda D\u00edaz Rinc\u00f3n cumpli\u00f3 siete meses en la instituci\u00f3n, tiempo que le bast\u00f3 para convertirse en ejemplo de vocaci\u00f3n policial y entrega a causas ejemplares. Tiene 23 a\u00f1os, naci\u00f3 en Pamplona (Norte de Santander) y es la \u00fanica uniformada que se encuentra en la zona de Ca\u00f1o Indio, en el espacio territorial para la capacitaci\u00f3n y reincorporaci\u00f3n en la profundidad de El Catatumbo.<\/p>\n<p>La temperatura promedio est\u00e1 entre 40 y 45 grados cent\u00edgrados, en este lugar escogido estrat\u00e9gicamente como uno de los sitios hist\u00f3ricos donde se construir\u00e1 una comunidad nueva en torno al proceso focalizado en la paz.<\/p>\n<p>Para Magda, adem\u00e1s de brindar los servicios como carabinera, y luego de superar con \u00e9xito el curso en el Comando en Operaciones Rurales (COR), esta es una oportunidad para servirle a la comunidad con su segunda gran pasi\u00f3n, la medicina.<\/p>\n<p>Esta pamplonesa es enfermera y atiende con efectividad a compa\u00f1eros y habitantes del sector, con los conocimientos en inyectolog\u00eda, hidrataci\u00f3n y medicamentos b\u00e1sicos, entre otros.<\/p>\n<p>Soltera y amante del deporte, Magda convive con 45 integrantes del Sistema Integrado de Seguridad Rural, que tienen la responsabilidad de acompa\u00f1ar el proceso hist\u00f3rico para Colombia y generar condiciones medioambientales estables en beneficio de las comunidades de distintas partes del territorio patrio.<\/p>\n<p>La patrullera comparti\u00f3 las experiencias con el comandante del Departamento de Polic\u00eda, coronel George Quintero, qui\u00e9n la motiv\u00f3 a impactar de manera positiva a la comunidad y a edificar un pensamiento prospectivo en beneficio de la naci\u00f3n.<\/p>\n<p>Esta mujer es ejemplo de tenacidad y compromiso, y sus d\u00edas trascurren entre el salvar vidas y la alegr\u00eda de llevar en las venas el verde oliva que tanto so\u00f1\u00f3 desde cuando estudiaba en la Normal Superior de la Ciudad Mitrada.<\/p>\n<p>El Departamento Norte de Santander reconoce y exalta el trabajo de los hombres y las mujeres polic\u00edas que est\u00e1n en estos espacios para construir una nueva historia para el pa\u00eds. <\/p>\n","protected":false},"excerpt":{"rendered":"<p>C\u00daCUTA.- La patrullera Magda D\u00edaz Rinc\u00f3n cumpli\u00f3 siete meses en la instituci\u00f3n, tiempo que le bast\u00f3 para convertirse en ejemplo de vocaci\u00f3n policial y entrega a causas ejemplares. Tiene 23 a\u00f1os, naci\u00f3 en Pamplona (Norte de Santander) y es la \u00fanica uniformada que se encuentra en la zona de Ca\u00f1o Indio, en el espacio territorial &hellip;<\/p>\n","protected":false},"author":1,"featured_media":30566,"comment_status":"open","ping_status":"open","sticky":false,"template":"","format":"standard","meta":{"footnotes":""},"categories":[17,4],"tags":[3623,3070,576],"class_list":["post-30565","post","type-post","status-publish","format-standard","has-post-thumbnail","hentry","category-conversaciones-a-contraluz","category-barra","tag-coronel-george-quintero","tag-denor-coest","tag-policia-de-norte-de-santander"],"_links":{"self":[{"href":"https:\/\/contraluzcucuta.co\/index.php?rest_route=\/wp\/v2\/posts\/30565","targetHints":{"allow":["GET"]}}],"collection":[{"href":"https:\/\/contraluzcucuta.co\/index.php?rest_route=\/wp\/v2\/posts"}],"about":[{"href":"https:\/\/contraluzcucuta.co\/index.php?rest_route=\/wp\/v2\/types\/post"}],"author":[{"embeddable":true,"href":"https:\/\/contraluzcucuta.co\/index.php?rest_route=\/wp\/v2\/users\/1"}],"replies":[{"embeddable":true,"href":"https:\/\/contraluzcucuta.co\/index.php?rest_route=%2Fwp%2Fv2%2Fcomments&post=30565"}],"version-history":[{"count":1,"href":"https:\/\/contraluzcucuta.co\/index.php?rest_route=\/wp\/v2\/posts\/30565\/revisions"}],"predecessor-version":[{"id":30567,"href":"https:\/\/contraluzcucuta.co\/index.php?rest_route=\/wp\/v2\/posts\/30565\/revisions\/30567"}],"wp:featuredmedia":[{"embeddable":true,"href":"https:\/\/contraluzcucuta.co\/index.php?rest_route=\/wp\/v2\/media\/30566"}],"wp:attachment":[{"href":"https:\/\/contraluzcucuta.co\/index.php?rest_route=%2Fwp%2Fv2%2Fmedia&parent=30565"}],"wp:term":[{"taxonomy":"category","embeddable":true,"href":"https:\/\/contraluzcucuta.co\/index.php?rest_route=%2Fwp%2Fv2%2Fcategories&post=30565"},{"taxonomy":"post_tag","embeddable":true,"href":"https:\/\/contraluzcucuta.co\/index.php?rest_route=%2Fwp%2Fv2%2Ftags&post=30565"}],"curies":[{"name":"wp","href":"https:\/\/api.w.org\/{rel}","templated":true}]}}