{"id":30562,"date":"2017-08-29T20:30:49","date_gmt":"2017-08-30T01:30:49","guid":{"rendered":"http:\/\/contraluzcucuta.co\/?p=30562"},"modified":"2017-08-29T20:30:49","modified_gmt":"2017-08-30T01:30:49","slug":"protestas-de-arroceros-exigen-precios-de-compra-justos-entre-productores-y-molineros","status":"publish","type":"post","link":"https:\/\/contraluzcucuta.co\/?p=30562","title":{"rendered":"PROTESTAS DE ARROCEROS. Exigen precios de compra justos entre productores y molineros."},"content":{"rendered":"<p><strong>C\u00daCUTA.-<\/strong> Los productores de arroz marcharon en las veredas Pedregales y Puerto&nbsp; Lleras, jurisdicci\u00f3n de El Zulia, para exigirle al Gobierno que les d\u00e9 \u201cprecios justos\u201d para comercializar el grano. \u201cLa situaci\u00f3n que tenemos es grave\u201d, dijo Jes\u00fas Aranzales, vicepresidente del Comit\u00e9 de Arroceros de Norte de Santander.<\/p>\n<p>Los cultivadores contar\u00e1n con apoyo del gobierno departamental y recibir\u00e1n respaldo para que sean escuchados por la administraci\u00f3n central. El anuncio lo hizo el secretario de Desarrollo Econ\u00f3mico, Leonel Rodr\u00edguez Pinz\u00f3n.<\/p>\n<p>Desde Bogot\u00e1 se han buscado soluciones al problema, \u201cpero todas erradas\u201d, reconoci\u00f3 el funcionario. Le pidi\u00f3 al Ministerio de Agricultura que de manera urgente tenga en cuenta a Norte de Santander en esta situaci\u00f3n, a la que \u201cnecesitamos buscarle verdaderas soluciones\u201d.<\/p>\n<p>\u201cEl Gobierno nacional no nos ha dado un precio justo a los productores de Norte de Santander, porque no tenemos un represente en la mesa. Esperamos un llamado a la uni\u00f3n y a buscar soluciones a este problema\u201d, manifest\u00f3 el vocero gremial Jes\u00fas Aranzales.<\/p>\n<p>En la mesa de trabajo que se llevar\u00e1 a cabo en los pr\u00f3ximos d\u00edas con representantes del gremio, el gobierno departamental ratificar\u00e1 el apoyo para presentar ante el Ministerio de Agricultura las siguientes acciones:<\/p>\n<p>1.- Nivelaci\u00f3n de precios de compra justos entre los productores y molineros.<\/p>\n<p>2.- Habilitaci\u00f3n de un cupo para un representante de los peque\u00f1os productores de Norte de Santander en la Mesa Nacional Arrocera.<\/p>\n<p>3.- Compras masivas de insumos en Norte de Santander.<\/p>\n<p>4.- B\u00fasqueda de una semilla de arroz m\u00e1s rentable y productiva por parte de la Corporaci\u00f3n Colombiana de Investigaci\u00f3n Agropecuaria (Corpoica).<\/p>\n<p>5.- Ejecuci\u00f3n de un estudio de caracterizaci\u00f3n del r\u00edo Zulia, por parte de la Corporaci\u00f3n Colombiana de Investigaci\u00f3n Agropecuaria (Corpoica).<\/p>\n<p>La Gobernaci\u00f3n de Norte de Santander har\u00e1 seguimiento a las solicitudes de los arroceros y otros gremios, en b\u00fasqueda de mantener sus ingresos y el sostenimiento de miles de familias campesinas del departamento. <\/p>\n","protected":false},"excerpt":{"rendered":"<p>C\u00daCUTA.- Los productores de arroz marcharon en las veredas Pedregales y Puerto&nbsp; Lleras, jurisdicci\u00f3n de El Zulia, para exigirle al Gobierno que les d\u00e9 \u201cprecios justos\u201d para comercializar el grano. \u201cLa situaci\u00f3n que tenemos es grave\u201d, dijo Jes\u00fas Aranzales, vicepresidente del Comit\u00e9 de Arroceros de Norte de Santander. Los cultivadores contar\u00e1n con apoyo del gobierno &hellip;<\/p>\n","protected":false},"author":1,"featured_media":30563,"comment_status":"open","ping_status":"open","sticky":false,"template":"","format":"standard","meta":{"footnotes":""},"categories":[4,32],"tags":[835,379],"class_list":["post-30562","post","type-post","status-publish","format-standard","has-post-thumbnail","hentry","category-barra","category-recorrido-por-la-region","tag-arroceros-de-el-zulia","tag-gobernacion-de-norte-de-santander"],"_links":{"self":[{"href":"https:\/\/contraluzcucuta.co\/index.php?rest_route=\/wp\/v2\/posts\/30562","targetHints":{"allow":["GET"]}}],"collection":[{"href":"https:\/\/contraluzcucuta.co\/index.php?rest_route=\/wp\/v2\/posts"}],"about":[{"href":"https:\/\/contraluzcucuta.co\/index.php?rest_route=\/wp\/v2\/types\/post"}],"author":[{"embeddable":true,"href":"https:\/\/contraluzcucuta.co\/index.php?rest_route=\/wp\/v2\/users\/1"}],"replies":[{"embeddable":true,"href":"https:\/\/contraluzcucuta.co\/index.php?rest_route=%2Fwp%2Fv2%2Fcomments&post=30562"}],"version-history":[{"count":1,"href":"https:\/\/contraluzcucuta.co\/index.php?rest_route=\/wp\/v2\/posts\/30562\/revisions"}],"predecessor-version":[{"id":30564,"href":"https:\/\/contraluzcucuta.co\/index.php?rest_route=\/wp\/v2\/posts\/30562\/revisions\/30564"}],"wp:featuredmedia":[{"embeddable":true,"href":"https:\/\/contraluzcucuta.co\/index.php?rest_route=\/wp\/v2\/media\/30563"}],"wp:attachment":[{"href":"https:\/\/contraluzcucuta.co\/index.php?rest_route=%2Fwp%2Fv2%2Fmedia&parent=30562"}],"wp:term":[{"taxonomy":"category","embeddable":true,"href":"https:\/\/contraluzcucuta.co\/index.php?rest_route=%2Fwp%2Fv2%2Fcategories&post=30562"},{"taxonomy":"post_tag","embeddable":true,"href":"https:\/\/contraluzcucuta.co\/index.php?rest_route=%2Fwp%2Fv2%2Ftags&post=30562"}],"curies":[{"name":"wp","href":"https:\/\/api.w.org\/{rel}","templated":true}]}}