{"id":30535,"date":"2017-08-27T09:33:59","date_gmt":"2017-08-27T14:33:59","guid":{"rendered":"http:\/\/contraluzcucuta.co\/?p=30535"},"modified":"2017-08-27T21:31:08","modified_gmt":"2017-08-28T02:31:08","slug":"futbol-de-segunda-el-anhelo-es-que-el-cucuta-sea-una-empresa-no-una-chaza","status":"publish","type":"post","link":"https:\/\/contraluzcucuta.co\/?p=30535","title":{"rendered":"F\u00daTBOL DE SEGUNDA. El anhelo es que el C\u00facuta sea una empresa, no una chaza"},"content":{"rendered":"<p><strong>C\u00daCUTA.-<\/strong> Cuando un grupo de amigos, familiares o cualquier persona desea emprender el sue\u00f1o de la libertad tiene su precio, hablando en el sentido econ\u00f3mico, y en el empresarial a\u00fan m\u00e1s. Si es en grupos de sociedades, a varios debi\u00f3 costarles un puesto en alguna empresa y con suficiente liquidez para emplearlo, en la que se pacta, sin&nbsp; duda, una retribuci\u00f3n econ\u00f3mica, diaria, semanal, quincenal o mensual. Cualquiera sea el caso es dif\u00edcil soltar, como se dice coloquialmente, \u2018la teta\u2019.<\/p>\n<p>Apunte hacia donde apunte la empresa, siempre se quiere ser la mejor. Si se vende pan, el anhelo es vender mucho pan, tener prestigio y reconocimiento, y sentir que el esfuerzo de abandonar la comodidad o&nbsp; la tranquilidad econ\u00f3mica de lo que se dej\u00f3 atr\u00e1s vali\u00f3 la pena. Si se venden huevos, se piensa en distribuir en grandes cantidades, sin dejar de lado la disciplina y la seguridad. Para lograrlo se debe ir paso a&nbsp; paso, sin perder de vista la meta.<\/p>\n<p>Para nadie un secreto que el f\u00fatbol es una empresa, es una empresa lucrativa, pero debe manejarse igual que cualquier empresa, apuntar a ser la mejor, o al menos ser reconocida. A Jos\u00e9 Augusto Cadena jam\u00e1s se le ha exigido, desde cuando lleg\u00f3 a C\u00facuta, tener un equipo campe\u00f3n de la Copa Sudamericana, o de la Libertadores. Los hinchas somos conscientes de que tenemos un equipo de media tabla (sin hablar mal del equipo). Es un equipo joven y de media categor\u00eda. Eso&nbsp; tampoco los exime de ofrecer &nbsp;buen espect\u00e1culo. Espect\u00e1culo al que asistimos f\u00e1cilmente 35.000 aficionados, de los cuales el 50 por ciento es colado \u00bfy la otra mitad? Una mitad que aplaude, que grita, que sufre y, sobre todo, que paga, que merece y exige respeto, por eso dejamos de asistir al estadio.<\/p>\n<p>Este domingo, inicia una nueva era para el C\u00facuta Deportivo. Despu\u00e9s de ocho meses jugando como visitante, regresa a las c\u00e1lidas gradas del General Santander. Asistir\u00e9 al estadio con anhelo de volver a ver, por lo menos, un equipo coordinado, entendido en la materia a la que se dedica. No un poco de gallinas corriendo tras una cucaracha en un gallinero, como lo ve\u00edamos domingo a domingo antes de que \u2018Cadenita se llevara el equipito\u2019, como dijo mi amigo Benjam\u00edn Beltr\u00e1n, hombre que asiste al estadio desde 1964 y vio un gran desfile de estrellas. Seguro, estar\u00e1 sentado en Occidental con el radio viejo pegado a la oreja y con \u2018la fr\u00eda\u2019 en la mano.<\/p>\n<p>Entonces, ahora que entendemos que el C\u00facuta Deportivo es la empresa de Cadena, solo le pedimos que la maneje con decencia, con respeto, con altruismo. Si quiere vender entradas, que tambi\u00e9n&nbsp; venda goles, y si no quiere vender huevos, por lo menos que los preste los 90 minutos que dura el espect\u00e1culo.<\/p>\n<p><strong>HINCHA ROJINEGRO<\/strong> <\/p>\n","protected":false},"excerpt":{"rendered":"<p>C\u00daCUTA.- Cuando un grupo de amigos, familiares o cualquier persona desea emprender el sue\u00f1o de la libertad tiene su precio, hablando en el sentido econ\u00f3mico, y en el empresarial a\u00fan m\u00e1s. Si es en grupos de sociedades, a varios debi\u00f3 costarles un puesto en alguna empresa y con suficiente liquidez para emplearlo, en la que &hellip;<\/p>\n","protected":false},"author":1,"featured_media":30536,"comment_status":"open","ping_status":"open","sticky":false,"template":"","format":"standard","meta":{"footnotes":""},"categories":[28],"tags":[192,1396,1166,1988,2509],"class_list":["post-30535","post","type-post","status-publish","format-standard","has-post-thumbnail","hentry","category-vistazo-deportivo","tag-cucuta-deportivo","tag-dimayor","tag-estadio-general-santander","tag-futbol-de-segunda","tag-jose-augusto-cadena"],"_links":{"self":[{"href":"https:\/\/contraluzcucuta.co\/index.php?rest_route=\/wp\/v2\/posts\/30535","targetHints":{"allow":["GET"]}}],"collection":[{"href":"https:\/\/contraluzcucuta.co\/index.php?rest_route=\/wp\/v2\/posts"}],"about":[{"href":"https:\/\/contraluzcucuta.co\/index.php?rest_route=\/wp\/v2\/types\/post"}],"author":[{"embeddable":true,"href":"https:\/\/contraluzcucuta.co\/index.php?rest_route=\/wp\/v2\/users\/1"}],"replies":[{"embeddable":true,"href":"https:\/\/contraluzcucuta.co\/index.php?rest_route=%2Fwp%2Fv2%2Fcomments&post=30535"}],"version-history":[{"count":1,"href":"https:\/\/contraluzcucuta.co\/index.php?rest_route=\/wp\/v2\/posts\/30535\/revisions"}],"predecessor-version":[{"id":30537,"href":"https:\/\/contraluzcucuta.co\/index.php?rest_route=\/wp\/v2\/posts\/30535\/revisions\/30537"}],"wp:featuredmedia":[{"embeddable":true,"href":"https:\/\/contraluzcucuta.co\/index.php?rest_route=\/wp\/v2\/media\/30536"}],"wp:attachment":[{"href":"https:\/\/contraluzcucuta.co\/index.php?rest_route=%2Fwp%2Fv2%2Fmedia&parent=30535"}],"wp:term":[{"taxonomy":"category","embeddable":true,"href":"https:\/\/contraluzcucuta.co\/index.php?rest_route=%2Fwp%2Fv2%2Fcategories&post=30535"},{"taxonomy":"post_tag","embeddable":true,"href":"https:\/\/contraluzcucuta.co\/index.php?rest_route=%2Fwp%2Fv2%2Ftags&post=30535"}],"curies":[{"name":"wp","href":"https:\/\/api.w.org\/{rel}","templated":true}]}}