{"id":30531,"date":"2017-08-23T20:48:15","date_gmt":"2017-08-24T01:48:15","guid":{"rendered":"http:\/\/contraluzcucuta.co\/?p=30531"},"modified":"2017-08-23T20:48:15","modified_gmt":"2017-08-24T01:48:15","slug":"situacion-carcelaria-aca-un-recluso-no-se-resocializa-defensoria","status":"publish","type":"post","link":"https:\/\/contraluzcucuta.co\/?p=30531","title":{"rendered":"SITUACI\u00d3N CARCELARIA. Ac\u00e1 un recluso no se resocializa: Defensor\u00eda"},"content":{"rendered":"<p><strong>C\u00daCUTA.-<\/strong> Al Complejo Penitenciario Metropolitano de C\u00facuta lo acosan los problemas. Adem\u00e1s del hacinamiento, los detenidos afrontan inconvenientes con la salud, la alimentaci\u00f3n y el conflicto interno. \u201cEs lamentable decirlo, pero ac\u00e1 un recluso no se resocializa\u201d, dijo el Defensor del Pueblo de Norte de Santander, Jorge Villamizar.<\/p>\n<p>El agente del ministerio p\u00fablico atendi\u00f3 la invitaci\u00f3n del Concejo de C\u00facuta para analizar la situaci\u00f3n de las prisiones locales, masculina y femenina. La proposici\u00f3n la present\u00f3 Jaime Marthey, preocupado por el desbordamiento de la capacidad de albergue en la c\u00e1rcel.<\/p>\n<p>\u201cLa c\u00e1rcel de C\u00facuta tiene una capacidad para 2500 reclusos y actualmente alberga 3700 internos\u201d, dijo el concejal. El coronel Jaime Barrera, comandante de la Mecuc aument\u00f3 la inquietud de los coadministradores cucute\u00f1os al informar que hay 140 detenidos en las estaciones de Polic\u00eda de la ciudad, y aguardan el traslado a la penitenciar\u00eda.<\/p>\n<p>El Complejo Penitenciario no recibe m\u00e1s reos, porque la Defensor\u00eda del Pueblo instaur\u00f3 una denuncia contra el Inpec, en la que proh\u00edbe recibir m\u00e1s reclusos debido al aumento de la poblaci\u00f3n carcelaria.<\/p>\n<p>El presidente del sindicato del Inpec, Carlos Ramos, dijo que \u201clas c\u00e1rceles no son bodegas humanas\u201d. Reiter\u00f3 que deben devolverle a la sociedad personas aptas para vivir en sociedad. \u201cEl objetivo final de la pena que se dicta a un recluso, es la resocializaci\u00f3n\u201d, agreg\u00f3.<\/p>\n<p>El presidente del Concejo de C\u00facuta, Nelson Ovalles, afirm\u00f3 que \u201cvamos a iniciar un debate serio y profundo sobre la situaci\u00f3n actual de la c\u00e1rcel de la ciudad\u201d. La corporaci\u00f3n municipal mostr\u00f3 voluntad humanitaria y pol\u00edtica para trabajar en la soluci\u00f3n de los problemas que aquejan a la instituci\u00f3n.&nbsp;<\/p>\n<p>Los concejales manifestaron que la soluci\u00f3n a este problema es netamente presupuestal. Se comprometieron a trabaja con el alcalde C\u00e9sar Rojas para destinar recursos a la penitenciaria de C\u00facuta. <\/p>\n","protected":false},"excerpt":{"rendered":"<p>C\u00daCUTA.- Al Complejo Penitenciario Metropolitano de C\u00facuta lo acosan los problemas. Adem\u00e1s del hacinamiento, los detenidos afrontan inconvenientes con la salud, la alimentaci\u00f3n y el conflicto interno. \u201cEs lamentable decirlo, pero ac\u00e1 un recluso no se resocializa\u201d, dijo el Defensor del Pueblo de Norte de Santander, Jorge Villamizar. El agente del ministerio p\u00fablico atendi\u00f3 la &hellip;<\/p>\n","protected":false},"author":1,"featured_media":30532,"comment_status":"open","ping_status":"open","sticky":false,"template":"","format":"standard","meta":{"footnotes":""},"categories":[9],"tags":[2734],"class_list":["post-30531","post","type-post","status-publish","format-standard","has-post-thumbnail","hentry","category-politica","tag-complejo-penitenciario-metropolitano-de-cucuta"],"_links":{"self":[{"href":"https:\/\/contraluzcucuta.co\/index.php?rest_route=\/wp\/v2\/posts\/30531","targetHints":{"allow":["GET"]}}],"collection":[{"href":"https:\/\/contraluzcucuta.co\/index.php?rest_route=\/wp\/v2\/posts"}],"about":[{"href":"https:\/\/contraluzcucuta.co\/index.php?rest_route=\/wp\/v2\/types\/post"}],"author":[{"embeddable":true,"href":"https:\/\/contraluzcucuta.co\/index.php?rest_route=\/wp\/v2\/users\/1"}],"replies":[{"embeddable":true,"href":"https:\/\/contraluzcucuta.co\/index.php?rest_route=%2Fwp%2Fv2%2Fcomments&post=30531"}],"version-history":[{"count":1,"href":"https:\/\/contraluzcucuta.co\/index.php?rest_route=\/wp\/v2\/posts\/30531\/revisions"}],"predecessor-version":[{"id":30533,"href":"https:\/\/contraluzcucuta.co\/index.php?rest_route=\/wp\/v2\/posts\/30531\/revisions\/30533"}],"wp:featuredmedia":[{"embeddable":true,"href":"https:\/\/contraluzcucuta.co\/index.php?rest_route=\/wp\/v2\/media\/30532"}],"wp:attachment":[{"href":"https:\/\/contraluzcucuta.co\/index.php?rest_route=%2Fwp%2Fv2%2Fmedia&parent=30531"}],"wp:term":[{"taxonomy":"category","embeddable":true,"href":"https:\/\/contraluzcucuta.co\/index.php?rest_route=%2Fwp%2Fv2%2Fcategories&post=30531"},{"taxonomy":"post_tag","embeddable":true,"href":"https:\/\/contraluzcucuta.co\/index.php?rest_route=%2Fwp%2Fv2%2Ftags&post=30531"}],"curies":[{"name":"wp","href":"https:\/\/api.w.org\/{rel}","templated":true}]}}