{"id":30528,"date":"2017-08-23T20:27:42","date_gmt":"2017-08-24T01:27:42","guid":{"rendered":"http:\/\/contraluzcucuta.co\/?p=30528"},"modified":"2017-08-23T20:27:42","modified_gmt":"2017-08-24T01:27:42","slug":"mujeres-del-catatumbo-se-busca-disminuir-la-brecha-de-desigualdad","status":"publish","type":"post","link":"https:\/\/contraluzcucuta.co\/?p=30528","title":{"rendered":"MUJERES DEL CATATUMBO. Se busca disminuir la brecha de desigualdad"},"content":{"rendered":"<p><strong>TIB\u00da \u2013 Norte de Santander.-<\/strong> Cuarenta lideresas sociales y pol\u00edticas de la zona de El Catatumbo fueron llamadas para participar en la Escuela de Promoci\u00f3n del liderazgo pol\u00edtico de las mujeres, en desarrollo del postconflicto. La convocatoria la hizo la Secretar\u00eda de la Mujer de la Gobernaci\u00f3n de Norte de Santander<\/p>\n<p>El encuentro se cumplir\u00e1, entre 24 y 25 de agosto, en Tib\u00fa y tiene como objetivos:<\/p>\n<p>1.- Disminuir las brechas de desigualdad en la participaci\u00f3n social y pol\u00edtica de las mujeres en la regi\u00f3n<\/p>\n<p>2.- Aunar espacios tradicionalmente ocupados por hombres, con el fin de brindar a la sociedad una perspectiva de g\u00e9nero m\u00e1s activa e integradora.<\/p>\n<p>La secretaria de la Mujer, Mar\u00eda Eugenia Riascos, indic\u00f3 que \u201cel posconflicto debe convertirse en el momento propicio para tomar con mayor fuerza la participaci\u00f3n pol\u00edtica de las mujeres\u201d. Estos espacios servir\u00e1n para acceder a cargos de elecci\u00f3n popular y para impulsar pol\u00edticas p\u00fablicas y proyectos dirigidos a alcanzar la satisfacci\u00f3n de los derechos de las mujeres en condiciones de igualdad.<\/p>\n<p>La iniciativa, liderada por el Ministerio del Interior en alianza con Iniciativa de Mujeres Colombianas para la Paz (IMP) y la coordinaci\u00f3n de la Secretar\u00eda de la Mujer, reunir\u00e1 a concejalas, ediles, comunales y voceras de organizaciones sociales de Convenci\u00f3n, El Carmen, El Tarra, San Calixto, Hacar\u00ed, Sardinata, Teorama y Tib\u00fa.<\/p>\n<p>\u201cConstruir la paz implica reconstruir las relaciones sociales desde lo local con sentido de igualdad\u201d, se\u00f1al\u00f3 el colectivo IMP. Debe entenderse que no es deseable el contexto de exclusi\u00f3n que ha arrasado con la posibilidad del ejercicio pleno del derecho a la libertad.<\/p>\n<p>El encuentro busca fortalecer pol\u00edticamente a las mujeres, especialmente a aquellas que habitan territorios afectados por el conflicto armado para incrementar y cualificar la participaci\u00f3n en procesos electorales. <\/p>\n","protected":false},"excerpt":{"rendered":"<p>TIB\u00da \u2013 Norte de Santander.- Cuarenta lideresas sociales y pol\u00edticas de la zona de El Catatumbo fueron llamadas para participar en la Escuela de Promoci\u00f3n del liderazgo pol\u00edtico de las mujeres, en desarrollo del postconflicto. La convocatoria la hizo la Secretar\u00eda de la Mujer de la Gobernaci\u00f3n de Norte de Santander El encuentro se cumplir\u00e1, &hellip;<\/p>\n","protected":false},"author":1,"featured_media":30529,"comment_status":"open","ping_status":"open","sticky":false,"template":"","format":"standard","meta":{"footnotes":""},"categories":[32],"tags":[246],"class_list":["post-30528","post","type-post","status-publish","format-standard","has-post-thumbnail","hentry","category-recorrido-por-la-region","tag-el-catatumbo"],"_links":{"self":[{"href":"https:\/\/contraluzcucuta.co\/index.php?rest_route=\/wp\/v2\/posts\/30528","targetHints":{"allow":["GET"]}}],"collection":[{"href":"https:\/\/contraluzcucuta.co\/index.php?rest_route=\/wp\/v2\/posts"}],"about":[{"href":"https:\/\/contraluzcucuta.co\/index.php?rest_route=\/wp\/v2\/types\/post"}],"author":[{"embeddable":true,"href":"https:\/\/contraluzcucuta.co\/index.php?rest_route=\/wp\/v2\/users\/1"}],"replies":[{"embeddable":true,"href":"https:\/\/contraluzcucuta.co\/index.php?rest_route=%2Fwp%2Fv2%2Fcomments&post=30528"}],"version-history":[{"count":1,"href":"https:\/\/contraluzcucuta.co\/index.php?rest_route=\/wp\/v2\/posts\/30528\/revisions"}],"predecessor-version":[{"id":30530,"href":"https:\/\/contraluzcucuta.co\/index.php?rest_route=\/wp\/v2\/posts\/30528\/revisions\/30530"}],"wp:featuredmedia":[{"embeddable":true,"href":"https:\/\/contraluzcucuta.co\/index.php?rest_route=\/wp\/v2\/media\/30529"}],"wp:attachment":[{"href":"https:\/\/contraluzcucuta.co\/index.php?rest_route=%2Fwp%2Fv2%2Fmedia&parent=30528"}],"wp:term":[{"taxonomy":"category","embeddable":true,"href":"https:\/\/contraluzcucuta.co\/index.php?rest_route=%2Fwp%2Fv2%2Fcategories&post=30528"},{"taxonomy":"post_tag","embeddable":true,"href":"https:\/\/contraluzcucuta.co\/index.php?rest_route=%2Fwp%2Fv2%2Ftags&post=30528"}],"curies":[{"name":"wp","href":"https:\/\/api.w.org\/{rel}","templated":true}]}}