{"id":30525,"date":"2017-08-23T20:13:21","date_gmt":"2017-08-24T01:13:21","guid":{"rendered":"http:\/\/contraluzcucuta.co\/?p=30525"},"modified":"2017-08-23T20:13:21","modified_gmt":"2017-08-24T01:13:21","slug":"viaje-de-cuentos-artistas-de-siete-paises-en-cucuta","status":"publish","type":"post","link":"https:\/\/contraluzcucuta.co\/?p=30525","title":{"rendered":"\u2018VIAJE DE CUENTOS\u2019. Artistas de siete pa\u00edses en C\u00facuta"},"content":{"rendered":"<p><strong>C\u00daCUTA.-<\/strong> Artistas de Bolivia, Chile, M\u00e9xico, Francia, Per\u00fa, Venezuela y Colombia hacen por estos d\u00edas de C\u00facuta una ciudad que vive \u2018un viaje de cuentos\u2019. Los visitantes participan en el Noveno Festival Internacional de Cuenteros de Norte de Santander, \u2018Encuent\u00e9monos en la frontera 2017\u2019.<\/p>\n<p>Este espacio cultural se desarroll\u00f3 con aportes de la Gobernaci\u00f3n de Norte de Santander, por medio de la Secretar\u00eda de Cultura, y ejecutado por la Fundaci\u00f3n para el Desarrollo y el Progreso de Norte De Santander.<\/p>\n<p>Doce narradores nacionales, internacionales y locales estar\u00e1n hasta el 25 de agosto, en &nbsp;el Centro Cultural Quinta Teresa, el Teatro Zulima, la Universidad Francisco de Paula Santander, el Teatro \u2018Manotas\u2019, la Casa Teatro y el puente de Guadua. Las actuaciones resaltar\u00e1n el patrimonio oral de la regi\u00f3n.<\/p>\n<p>Marconio V\u00e1squez, narrador mexicano, coment\u00f3 que la importancia de venir a Colombia radica en que el pa\u00eds es reconocido como uno de los que m\u00e1s riqueza en narraci\u00f3n oral del patrimonio tiene en el continente americano. Resalt\u00f3 a C\u00facuta por ser parte de la frontera.<\/p>\n<p>La chilena Edel Arriaga se mostr\u00f3 maravillada por la cantidad de verde de la naturaleza y la amabilidad de los cucute\u00f1os, al basarse en la gentileza que observa en ni\u00f1os y grandes en el p\u00fablico.<\/p>\n<p>\u201cLa boleter\u00eda \u2013sin costo- est\u00e1 disponible en las secretar\u00edas de Cultura Departamental Municipal\u201d, dijo Leonardo Arias, director del festival. Invit\u00f3 a la ciudadan\u00eda a visitar los lugares adecuados para deleitarse con los artistas internacionales.<\/p>\n<p><strong>Foto: PRENSA GOBERNACI\u00d3N<\/strong><\/p>\n<p>&nbsp; <\/p>\n","protected":false},"excerpt":{"rendered":"<p>C\u00daCUTA.- Artistas de Bolivia, Chile, M\u00e9xico, Francia, Per\u00fa, Venezuela y Colombia hacen por estos d\u00edas de C\u00facuta una ciudad que vive \u2018un viaje de cuentos\u2019. Los visitantes participan en el Noveno Festival Internacional de Cuenteros de Norte de Santander, \u2018Encuent\u00e9monos en la frontera 2017\u2019. Este espacio cultural se desarroll\u00f3 con aportes de la Gobernaci\u00f3n de &hellip;<\/p>\n","protected":false},"author":1,"featured_media":30526,"comment_status":"open","ping_status":"open","sticky":false,"template":"","format":"standard","meta":{"footnotes":""},"categories":[2630,37],"tags":[424,379],"class_list":["post-30525","post","type-post","status-publish","format-standard","has-post-thumbnail","hentry","category-gobernacion","category-paseo-cultural","tag-festival-de-cuenteros-en-cucuta","tag-gobernacion-de-norte-de-santander"],"_links":{"self":[{"href":"https:\/\/contraluzcucuta.co\/index.php?rest_route=\/wp\/v2\/posts\/30525","targetHints":{"allow":["GET"]}}],"collection":[{"href":"https:\/\/contraluzcucuta.co\/index.php?rest_route=\/wp\/v2\/posts"}],"about":[{"href":"https:\/\/contraluzcucuta.co\/index.php?rest_route=\/wp\/v2\/types\/post"}],"author":[{"embeddable":true,"href":"https:\/\/contraluzcucuta.co\/index.php?rest_route=\/wp\/v2\/users\/1"}],"replies":[{"embeddable":true,"href":"https:\/\/contraluzcucuta.co\/index.php?rest_route=%2Fwp%2Fv2%2Fcomments&post=30525"}],"version-history":[{"count":1,"href":"https:\/\/contraluzcucuta.co\/index.php?rest_route=\/wp\/v2\/posts\/30525\/revisions"}],"predecessor-version":[{"id":30527,"href":"https:\/\/contraluzcucuta.co\/index.php?rest_route=\/wp\/v2\/posts\/30525\/revisions\/30527"}],"wp:featuredmedia":[{"embeddable":true,"href":"https:\/\/contraluzcucuta.co\/index.php?rest_route=\/wp\/v2\/media\/30526"}],"wp:attachment":[{"href":"https:\/\/contraluzcucuta.co\/index.php?rest_route=%2Fwp%2Fv2%2Fmedia&parent=30525"}],"wp:term":[{"taxonomy":"category","embeddable":true,"href":"https:\/\/contraluzcucuta.co\/index.php?rest_route=%2Fwp%2Fv2%2Fcategories&post=30525"},{"taxonomy":"post_tag","embeddable":true,"href":"https:\/\/contraluzcucuta.co\/index.php?rest_route=%2Fwp%2Fv2%2Ftags&post=30525"}],"curies":[{"name":"wp","href":"https:\/\/api.w.org\/{rel}","templated":true}]}}