{"id":30481,"date":"2017-08-21T16:00:25","date_gmt":"2017-08-21T21:00:25","guid":{"rendered":"http:\/\/contraluzcucuta.co\/?p=30481"},"modified":"2017-08-21T16:16:41","modified_gmt":"2017-08-21T21:16:41","slug":"zona-franca-de-cucuta-minhacienda-inyectara-7500-millones-para-mejorar-infraestructura","status":"publish","type":"post","link":"https:\/\/contraluzcucuta.co\/?p=30481","title":{"rendered":"ZONA FRANCA DE C\u00daCUTA. Minhacienda inyectar\u00e1 $ 7500 millones para mejorar infraestructura"},"content":{"rendered":"<p><strong>C\u00daCUTA.-<\/strong> El ministerio de Hacienda y la gobernaci\u00f3n de Norte de Santander llegaron a entendimientos importantes para potenciar la actividad econ\u00f3mica empresarial en el departamento, particularmente en C\u00facuta, que sirvan para contrarrestar los problemas de la frontera.<\/p>\n<p>As\u00ed lo dio a conocer el titular de la cartera Mauricio C\u00e1rdenas luego de la reuni\u00f3n sostenida en Armenia con el gobernador William Villamizar y en la que hablaron sobre la Zona Franca de C\u00facuta. Esta entidad es manejada por su similar de Quind\u00edo.<\/p>\n<p>Entre los compromisos asumidos, C\u00e1rdenas Santamar\u00eda se\u00f1al\u00f3 que buscar\u00e1 c\u00f3mo disponer de $ 7500 millones para mejorar la infraestructura de la Zona Franca de C\u00facuta, especialmente lo relacionado con agua, gas, energ\u00eda el\u00e9ctrica, v\u00edas y arreglo de bodegas y \u00e1rea administrativa.<\/p>\n<p>La suma de esfuerzos entre los gobiernos nacional y departamental y &nbsp;sector privado permitir\u00e1 construir un polo de desarrollo para las empresas que se instalen en la Zona Franca. Este trabajo conjunto se traducir\u00e1 en aliciente para mejorar la situaci\u00f3n econ\u00f3mica y comercial que afronta la capital del departamento, a ra\u00edz de la crisis pol\u00edtica y social de Venezuela.<\/p>\n<p>&#8220;Con gran satisfacci\u00f3n registramos esa enorme posibilidad que ayudar\u00e1 a que las empresas se establezcan en la ciudad para impulsar el desarrollo y la generaci\u00f3n de empleo que tanto necesitamos&#8221;, dijo Villamizar Laguado.<\/p>\n<p>Los recursos hacen parte del compromiso adquirido por el presidente Juan Manuel Santos. En los \u00faltimos meses se han tomado decisiones para fortalecer la Zona Franca de C\u00facuta, entre las que destacan:<\/p>\n<p>1.- Entregar la propiedad a la Gobernaci\u00f3n de Norte de Santander<\/p>\n<p>2.- La operaci\u00f3n a cargo de la Zona Franca de Quind\u00edo.<\/p>\n<p>La junta directiva de la Zona Franca de Quind\u00edo, administradora de la Zona Franca de C\u00facuta, entreg\u00f3 el balance de las ejecutorias en los \u00faltimos tres meses.<\/p>\n<p>El nuevo operador ha desarrollado gestiones de manera efectiva en esta plataforma comercial y ha generado que nuevas empresas se instalen en la ciudad. Villamizar Laguado dijo que parte del proceso de mejoramiento y expansi\u00f3n se complementar\u00e1 con las adecuaciones de las instalaciones.<\/p>\n<p>El gobernador del Quind\u00edo, Carlos Eduardo Osorio, afirm\u00f3 que hacer parte del proceso de trasformaci\u00f3n se convierte en una posibilidad para generar empleo en Armenia y C\u00facuta convirti\u00e9ndose en una oportunidad para Norte de Santander de sacar los productos al exterior o al puerto de Buenaventura. <\/p>\n","protected":false},"excerpt":{"rendered":"<p>C\u00daCUTA.- El ministerio de Hacienda y la gobernaci\u00f3n de Norte de Santander llegaron a entendimientos importantes para potenciar la actividad econ\u00f3mica empresarial en el departamento, particularmente en C\u00facuta, que sirvan para contrarrestar los problemas de la frontera. As\u00ed lo dio a conocer el titular de la cartera Mauricio C\u00e1rdenas luego de la reuni\u00f3n sostenida en &hellip;<\/p>\n","protected":false},"author":1,"featured_media":30482,"comment_status":"open","ping_status":"open","sticky":false,"template":"","format":"standard","meta":{"footnotes":""},"categories":[4,2630],"tags":[379,3759,1533],"class_list":["post-30481","post","type-post","status-publish","format-standard","has-post-thumbnail","hentry","category-barra","category-gobernacion","tag-gobernacion-de-norte-de-santander","tag-ministerio-de-hacienda","tag-zona-franca-de-cucuta"],"_links":{"self":[{"href":"https:\/\/contraluzcucuta.co\/index.php?rest_route=\/wp\/v2\/posts\/30481","targetHints":{"allow":["GET"]}}],"collection":[{"href":"https:\/\/contraluzcucuta.co\/index.php?rest_route=\/wp\/v2\/posts"}],"about":[{"href":"https:\/\/contraluzcucuta.co\/index.php?rest_route=\/wp\/v2\/types\/post"}],"author":[{"embeddable":true,"href":"https:\/\/contraluzcucuta.co\/index.php?rest_route=\/wp\/v2\/users\/1"}],"replies":[{"embeddable":true,"href":"https:\/\/contraluzcucuta.co\/index.php?rest_route=%2Fwp%2Fv2%2Fcomments&post=30481"}],"version-history":[{"count":2,"href":"https:\/\/contraluzcucuta.co\/index.php?rest_route=\/wp\/v2\/posts\/30481\/revisions"}],"predecessor-version":[{"id":30485,"href":"https:\/\/contraluzcucuta.co\/index.php?rest_route=\/wp\/v2\/posts\/30481\/revisions\/30485"}],"wp:featuredmedia":[{"embeddable":true,"href":"https:\/\/contraluzcucuta.co\/index.php?rest_route=\/wp\/v2\/media\/30482"}],"wp:attachment":[{"href":"https:\/\/contraluzcucuta.co\/index.php?rest_route=%2Fwp%2Fv2%2Fmedia&parent=30481"}],"wp:term":[{"taxonomy":"category","embeddable":true,"href":"https:\/\/contraluzcucuta.co\/index.php?rest_route=%2Fwp%2Fv2%2Fcategories&post=30481"},{"taxonomy":"post_tag","embeddable":true,"href":"https:\/\/contraluzcucuta.co\/index.php?rest_route=%2Fwp%2Fv2%2Ftags&post=30481"}],"curies":[{"name":"wp","href":"https:\/\/api.w.org\/{rel}","templated":true}]}}