{"id":30472,"date":"2017-08-21T13:02:54","date_gmt":"2017-08-21T18:02:54","guid":{"rendered":"http:\/\/contraluzcucuta.co\/?p=30472"},"modified":"2017-08-21T13:02:54","modified_gmt":"2017-08-21T18:02:54","slug":"opinion-jaime-garzon-el-amigo-ausente","status":"publish","type":"post","link":"https:\/\/contraluzcucuta.co\/?p=30472","title":{"rendered":"OPINI\u00d3N. Jaime Garz\u00f3n, el amigo ausente"},"content":{"rendered":"<p>El 13 de agosto, se cumplieron &nbsp;18 a\u00f1os del brutal asesinato de mi querido amigo y compa\u00f1ero Jaime Garz\u00f3n o \u2018Heidi\u2019, como cari\u00f1osamente los llam\u00e1bamos. Todav\u00eda, a pesar del tiempo trascurrido, no existe tranquilidad en mi coraz\u00f3n. Son muchas las noches y sobre todo las cercanas a su aniversario, cuando me asalta el desvelo.&nbsp; Mi cerebro comienza a preguntar en forma insistente cu\u00e1l pudo ser la causa para que los asesinos hubieran decidido borrarlo de una vez y por siempre de la faz de la tierra.<\/p>\n<p>Jaime era&nbsp; de esos seres qu\u00edmicamente puros.&nbsp; Para muchos&nbsp; de los compa\u00f1eros que lo conocimos, era bueno como el pan. Su mundo fant\u00e1stico estaba concebido como espacios vitales, donde mujeres y hombres deb\u00edamos esforzarnos por hacer el bien y servir de la mejor manera a nuestros semejantes, siempre dentro del jolgorio y la diversi\u00f3n. &nbsp;Su mundo era el de la alegr\u00eda, la carcajada &nbsp;constante y el gracejo siempre oportuno y a flor de piel.<\/p>\n<p>Cuando en su proceso humor\u00edstico profundo y en las simulaciones de las voces (que eran perfectas), &nbsp;si molestaba &nbsp;o her\u00eda&nbsp; a alguien, lo hac\u00eda &nbsp;sin una segunda intenci\u00f3n. La risa era el veh\u00edculo por donde cursaba su conciencia social, su capacidad para denunciar la injusticia y deshonestidad, poniendo en evidencia las necesidades m\u00e1s urgentes del pueblo, la opini\u00f3n y la sociedad en general. El humor era su inclaudicable compa\u00f1ero profundo y agudo, &nbsp;su manera de abrirle espacio a la reflexi\u00f3n acompa\u00f1ada siempre de una franca y sonora carcajada.<\/p>\n<p>Sus excelentes condiciones histri\u00f3nicas hicieron que su vida apacible en muchos sentidos se trasformara a un ritmo verdaderamente escalofriante, al vivir el contacto con la televisi\u00f3n. Sus amigos m\u00e1s \u00edntimos fuimos testigos de excepci\u00f3n en este complejo proceso. De la primera noche que sali\u00f3 &nbsp;en un programa de&nbsp; televisi\u00f3n y que nos convoc\u00f3 a verlo en casa de Franco y Mar\u00eda Teresa Ambroci, donde lo&nbsp; notamos nervioso (casi que comi\u00e9ndose las u\u00f1as), hasta las \u00faltimas presentaciones, donde se registraban unos de los m\u00e1s altos \u00edndices de audiencia, trascurri\u00f3 un tiempo demasiado corto. Su madurez, como humorista y hombre pol\u00edtico, fue demasiado r\u00e1pido, expresada en la fuerza y vehemencia de su gracia art\u00edstica con un profundo contenido pol\u00edtico, lo que comenz\u00f3 a molestar seriamente a los representantes m\u00e1s pertinaces del orden establecido, al sentir que les pisaban sus callos.&nbsp;<\/p>\n<p>Sin embargo, lo que pudo haber desencadenado su asesinato fue: Cuando por su formaci\u00f3n&nbsp; solidaria y cristiana comenz\u00f3 a interceder ante la guerrilla por ciertos secuestros que consideraba injustos al entender el drama que viv\u00edan sus dolientes, constituy\u00e9ndose en mecanismo de comunicaci\u00f3n entre los secuestradores y las familias para lograr su liberaci\u00f3n. Esto llev\u00f3 a sus malquerientes a decir que se estaba lucrando del pago de los secuestros, cosa que era falsa. Se ha podido demostrar que nunca tom\u00f3 un peso, ni pidi\u00f3 pago por tan riesgosos servicios. Lo hac\u00eda por su esp\u00edritu eminentemente bondadoso.<\/p>\n<p>Sin saberlo ni dimensionarlo, mi amigo Jaime, ven\u00eda caminando en el filo del abismo. A la par de&nbsp; este dinamismo televisivo, comenz\u00f3 a plantearse a fondo en conferencias pol\u00edticas en las universidades del&nbsp; pa\u00eds, donde lo acompa\u00f1aba una nutrida presencia de j\u00f3venes estudiantes, cuestionadores del <em>statu quo<\/em>, quienes ve\u00edan en \u00e9l a un nuevo revolucionario al estilo del padre Camilo Torres Restrepo, con un discurso nuevo &nbsp;y fresco, enmarcado en las aspiraciones pol\u00edticas de los j\u00f3venes.<\/p>\n<p>Lo que sell\u00f3 en definitiva su muerte, fue cuando, despu\u00e9s &nbsp;de su \u00faltimo encuentro con los guerrilleros en la monta\u00f1a, &nbsp;le comentaron al calor de la confianza construida que la guerrilla negociaba secuestrados que le llevaban miembros del ej\u00e9rcito, aseveraci\u00f3n que se atrevi\u00f3 a insinuar en el programa que manten\u00eda con Yamid Amat.&nbsp; All\u00ed, para m\u00ed, sell\u00f3 su sentencia&nbsp; de &nbsp;muerte. Sus asesinos comprendieron que sab\u00eda demasiado y hab\u00eda&nbsp; que silenciarlo lo m\u00e1s pronto posible.<\/p>\n<p>Cuando nos enteramos Franco Ambroci y yo, de sus propios labios, en un encuentro propuesto por \u00e9l, cuyo objetivo era comentarnos la veracidad de las amenazas de muerte recibidas &nbsp;por el paramilitar Carlos Casta\u00f1o. En tan &nbsp;grav\u00edsima circunstancia, le propusimos sin ambages que deb\u00eda abandonar inmediatamente y&nbsp; en sigilo a Bogot\u00e1, nosotros lo acompa\u00f1ar\u00edamos hasta C\u00facuta y all\u00ed pasar\u00edamos la frontera &nbsp;a Venezuela, &nbsp;de donde deb\u00eda&nbsp; pedir asilo a un&nbsp; pa\u00eds europeo.&nbsp; Desech\u00f3 nuestra oferta y pidi\u00f3&nbsp; un plazo mientras iba a la c\u00e1rcel Modelo o La Picota donde hab\u00eda una persona que hab\u00eda prometido contactarlo con el referido paramilitar para que echaran atr\u00e1s la condena. Todo parece indicar que habl\u00f3 con Carlos Casta\u00f1o por celular, &nbsp;quien le dijo: \u201cNo se preocupe que eso ya no se va a realizar\u201d. El viernes, a los dos d\u00edas de nuestro encuentro y d\u00eda siguiente de la charla con Casta\u00f1o, muy temprano, me despert\u00f3 la voz azorada y triste del profesor Beethoven Herrera para decirme que acababan de matar a Jaime Garz\u00f3n, escalofriante momento en el que llor\u00e9 inconsolablemente su partida. Desde entonces, a\u00fan lloro y extra\u00f1o a mi amigo ausente.<\/p>\n<p>La muerte de Jaime Garz\u00f3n ha tenido un costo social alto para nuestra querida Colombia, sabido es que: El humor al igual que el arte son sensores de la vida pol\u00edtica, social y cultural de una comunidad, canales por donde se expresan las emociones del imaginario colectivo, que necesitan desfogarse para ser trasformadas en conciencia social que posibilitan la evoluci\u00f3n &nbsp;y avance de los pueblos.<\/p>\n<p>Jaime, paz en su tumba y en&nbsp; el coraz\u00f3n de los colombianos que a\u00f1oramos su presencia. Honra eterna a su memoria.<\/p>\n<p><strong>ALONSO OJEDA AWAD<\/strong><\/p>\n<p><strong>Vicepresidente del Comit\u00e9 Permanente de Defensa de los DD.HH.&nbsp; (CPDH)<\/strong> <\/p>\n","protected":false},"excerpt":{"rendered":"<p>El 13 de agosto, se cumplieron &nbsp;18 a\u00f1os del brutal asesinato de mi querido amigo y compa\u00f1ero Jaime Garz\u00f3n o \u2018Heidi\u2019, como cari\u00f1osamente los llam\u00e1bamos. Todav\u00eda, a pesar del tiempo trascurrido, no existe tranquilidad en mi coraz\u00f3n. Son muchas las noches y sobre todo las cercanas a su aniversario, cuando me asalta el desvelo.&nbsp; Mi &hellip;<\/p>\n","protected":false},"author":1,"featured_media":30473,"comment_status":"open","ping_status":"open","sticky":false,"template":"","format":"standard","meta":{"footnotes":""},"categories":[14],"tags":[1004,1588],"class_list":["post-30472","post","type-post","status-publish","format-standard","has-post-thumbnail","hentry","category-articulistas","tag-alonso-ojeda-awad","tag-jaime-garzon"],"_links":{"self":[{"href":"https:\/\/contraluzcucuta.co\/index.php?rest_route=\/wp\/v2\/posts\/30472","targetHints":{"allow":["GET"]}}],"collection":[{"href":"https:\/\/contraluzcucuta.co\/index.php?rest_route=\/wp\/v2\/posts"}],"about":[{"href":"https:\/\/contraluzcucuta.co\/index.php?rest_route=\/wp\/v2\/types\/post"}],"author":[{"embeddable":true,"href":"https:\/\/contraluzcucuta.co\/index.php?rest_route=\/wp\/v2\/users\/1"}],"replies":[{"embeddable":true,"href":"https:\/\/contraluzcucuta.co\/index.php?rest_route=%2Fwp%2Fv2%2Fcomments&post=30472"}],"version-history":[{"count":1,"href":"https:\/\/contraluzcucuta.co\/index.php?rest_route=\/wp\/v2\/posts\/30472\/revisions"}],"predecessor-version":[{"id":30474,"href":"https:\/\/contraluzcucuta.co\/index.php?rest_route=\/wp\/v2\/posts\/30472\/revisions\/30474"}],"wp:featuredmedia":[{"embeddable":true,"href":"https:\/\/contraluzcucuta.co\/index.php?rest_route=\/wp\/v2\/media\/30473"}],"wp:attachment":[{"href":"https:\/\/contraluzcucuta.co\/index.php?rest_route=%2Fwp%2Fv2%2Fmedia&parent=30472"}],"wp:term":[{"taxonomy":"category","embeddable":true,"href":"https:\/\/contraluzcucuta.co\/index.php?rest_route=%2Fwp%2Fv2%2Fcategories&post=30472"},{"taxonomy":"post_tag","embeddable":true,"href":"https:\/\/contraluzcucuta.co\/index.php?rest_route=%2Fwp%2Fv2%2Ftags&post=30472"}],"curies":[{"name":"wp","href":"https:\/\/api.w.org\/{rel}","templated":true}]}}