{"id":30469,"date":"2017-08-21T12:32:55","date_gmt":"2017-08-21T17:32:55","guid":{"rendered":"http:\/\/contraluzcucuta.co\/?p=30469"},"modified":"2017-08-21T15:03:58","modified_gmt":"2017-08-21T20:03:58","slug":"futbol-de-segunda-comienza-nuevo-idilio-entre-cucuta-deportivo-y-aficion","status":"publish","type":"post","link":"https:\/\/contraluzcucuta.co\/?p=30469","title":{"rendered":"F\u00daTBOL DE SEGUNDA. Comienza nuevo idilio entre C\u00facuta Deportivo y afici\u00f3n"},"content":{"rendered":"<p><strong>C\u00daCUTA.-<\/strong> A los hinchas del C\u00facuta Deportivo pareciera que el amor por el equipo los hace olvidar desplantes, tristezas, desaires y penas. Hombres y mujeres que vibran con el rojinegro comenzaron a vivir un nuevo idilio con esos colores que llevan tatuados en el cuerpo, en el coraz\u00f3n y en el alma.<\/p>\n<p>Atr\u00e1s han quedado los gritos contra el presidente del club Jos\u00e9 Augusto Cadena, los insultos escritos en pancartas y los grafitis pintados en las paredes de la ciudad. Ahora, el tono de las palabras es amable y los sentimientos vuelven a aflorar como muestra del cari\u00f1o que la distancia no borr\u00f3.<\/p>\n<p>El \u00faltimo a\u00f1o los hinchas lo vivieron en medio de la sequ\u00eda de f\u00fatbol profesional y solo sent\u00edan a\u00f1oranza por tener a los motilones en el patio delantero de la casa. No en estadio arrendado, ni con espectadores prestados. Quiz\u00e1s elevaron oraciones a los dioses del balompi\u00e9 y en ese Olimpo donde se re\u00fanen para escuchar plegarias discutieron lo bueno que era devolverles a los cucute\u00f1os el once de sus amores.<\/p>\n<p>Pasaron los d\u00edas y mientras algunos de esos aficionados se resignaron a perder toda esperanza, otros aguardaron con fe que llegara el momento del regreso. Los primeros, renunciaron a saber qu\u00e9 ocurr\u00eda en el torneo de la B y ni se dieron por enterados de los partidos disputados en la sede de los Zipas, menos en los estadios donde se juega la Segunda Divisi\u00f3n.<\/p>\n<p>Los segundos mantuvieron la camiseta colgada en el escaparate a la espera del retorno. Y ese d\u00eda lleg\u00f3 luego de superadas las discusiones entre gobernantes y presidente, y despu\u00e9s de solventar esas asperezas que motivaron la estad\u00eda del C\u00facuta Deportivo en Zipaquir\u00e1.<\/p>\n<p>Las partes involucradas en las disputas cedieron hasta donde pudieron y doblegaron la cabeza hasta el quiebre que el orgullo lo permite. Los ganadores, en medio de esas determinaciones pol\u00edtico-deportivas, son los aficionados que, una vez m\u00e1s, salieron a las calles a recibir a jugadores, directivos y administrativos como h\u00e9roes, as\u00ed no hayan triunfado en alguna batalla.<\/p>\n<p>Las im\u00e1genes vividas el 20 de agosto, recordaron las de a\u00f1os lejanos cuando los motilones volvieron a casa con el trofeo de Campeones de la segunda categor\u00eda y retornaron a la A. O de esa gloriosa gesta que les permiti\u00f3 obtener la \u00fanica estrella que adorna el escudo. O cuando ganaron el cuadrangular y regresaron a la A.<\/p>\n<p>Han sido tantas las ocasiones en las que los cucute\u00f1os se han alegrado con el equipo que, seguro, la del domingo no ser\u00e1 la \u00faltima. En cada ocasi\u00f3n se han escuchado promesas, salidas desde distintas direcciones, que el tiempo se ha encargado de borrar para que los hinchas, de nuevo, crean y conf\u00eden en que este ser\u00e1 el a\u00f1o de la gloria.<\/p>\n<p>\u201cEl compromiso ha sido formar un equipo competitivo y responsable para brindar triunfos a toda la gente\u201d, mand\u00f3 a decir el gobernador William Villamizar con el asesor de prensa Fabio Leal. &nbsp;<\/p>\n<p>El jugador Darwin Carrero dijo a la llegada&nbsp; a la ciudad, \u201cestoy contento de volver a la tierra, el compromiso es volver a la A y jugar la Copa Libertadores\u201d. El t\u00e9cnico Flavio Robatto expres\u00f3 que \u201cel sue\u00f1o se hace realidad\u201d. Y agreg\u00f3 que \u201cel compromiso es asegurarles que en diciembre vamos a festejar y que el equipo va a dejar todo en la cancha\u201d.<\/p>\n<p>Tres expresiones que encierran aquello que quer\u00edan o\u00edr ni\u00f1os, j\u00f3venes y adultos que mantienen firme la confianza y que no desean que se conviertan en espejismos al final de la temporada.<\/p>\n<p>El 27 de agosto, ser\u00e1 la primera prueba para el cuadro fronterizo en el General Santander. Y como en el pasado reciente, seguro, el estadio estar\u00e1 lleno para comenzar otro idilio entre afici\u00f3n y equipo. Habr\u00e1 que esperar las pancartas y los c\u00e1nticos con los que ser\u00e1n recibidos jugadores, directivos, administrativos y gobernantes que hicieron posible el retorno del \u2018hijo pr\u00f3digo\u2019.<\/p>\n<p><strong>RAFAEL ANTONIO PAB\u00d3N<\/strong><\/p>\n<p><strong><a href=\"mailto:rafaelpabon58@hotmail.com\">rafaelpabon58@hotmail.com<\/a><\/strong> <\/p>\n","protected":false},"excerpt":{"rendered":"<p>C\u00daCUTA.- A los hinchas del C\u00facuta Deportivo pareciera que el amor por el equipo los hace olvidar desplantes, tristezas, desaires y penas. Hombres y mujeres que vibran con el rojinegro comenzaron a vivir un nuevo idilio con esos colores que llevan tatuados en el cuerpo, en el coraz\u00f3n y en el alma. Atr\u00e1s han quedado &hellip;<\/p>\n","protected":false},"author":1,"featured_media":30470,"comment_status":"open","ping_status":"open","sticky":false,"template":"","format":"standard","meta":{"footnotes":""},"categories":[4,28],"tags":[192,1396,301,2509,1397],"class_list":["post-30469","post","type-post","status-publish","format-standard","has-post-thumbnail","hentry","category-barra","category-vistazo-deportivo","tag-cucuta-deportivo","tag-dimayor","tag-futbol-profesional-colombiano","tag-jose-augusto-cadena","tag-segunda-division"],"_links":{"self":[{"href":"https:\/\/contraluzcucuta.co\/index.php?rest_route=\/wp\/v2\/posts\/30469","targetHints":{"allow":["GET"]}}],"collection":[{"href":"https:\/\/contraluzcucuta.co\/index.php?rest_route=\/wp\/v2\/posts"}],"about":[{"href":"https:\/\/contraluzcucuta.co\/index.php?rest_route=\/wp\/v2\/types\/post"}],"author":[{"embeddable":true,"href":"https:\/\/contraluzcucuta.co\/index.php?rest_route=\/wp\/v2\/users\/1"}],"replies":[{"embeddable":true,"href":"https:\/\/contraluzcucuta.co\/index.php?rest_route=%2Fwp%2Fv2%2Fcomments&post=30469"}],"version-history":[{"count":2,"href":"https:\/\/contraluzcucuta.co\/index.php?rest_route=\/wp\/v2\/posts\/30469\/revisions"}],"predecessor-version":[{"id":30477,"href":"https:\/\/contraluzcucuta.co\/index.php?rest_route=\/wp\/v2\/posts\/30469\/revisions\/30477"}],"wp:featuredmedia":[{"embeddable":true,"href":"https:\/\/contraluzcucuta.co\/index.php?rest_route=\/wp\/v2\/media\/30470"}],"wp:attachment":[{"href":"https:\/\/contraluzcucuta.co\/index.php?rest_route=%2Fwp%2Fv2%2Fmedia&parent=30469"}],"wp:term":[{"taxonomy":"category","embeddable":true,"href":"https:\/\/contraluzcucuta.co\/index.php?rest_route=%2Fwp%2Fv2%2Fcategories&post=30469"},{"taxonomy":"post_tag","embeddable":true,"href":"https:\/\/contraluzcucuta.co\/index.php?rest_route=%2Fwp%2Fv2%2Ftags&post=30469"}],"curies":[{"name":"wp","href":"https:\/\/api.w.org\/{rel}","templated":true}]}}