{"id":30460,"date":"2017-08-16T21:02:35","date_gmt":"2017-08-17T02:02:35","guid":{"rendered":"http:\/\/contraluzcucuta.co\/?p=30460"},"modified":"2017-08-16T21:02:35","modified_gmt":"2017-08-17T02:02:35","slug":"notas-al-margen-nuestra-tarea-debe-ser-unir-y-proyectar-la-frontera","status":"publish","type":"post","link":"https:\/\/contraluzcucuta.co\/?p=30460","title":{"rendered":"NOTAS AL MARGEN. Nuestra tarea debe ser unir y proyectar a la frontera"},"content":{"rendered":"<p>1.- Ante la magnitud de la crisis que afecta lo local, regional, nacional, binacional&nbsp; e internacional es necesario e indispensable obrar sin precipitad, pero s\u00ed con entereza, seriedad, an\u00e1lisis, realismo, responsabilidad y visi\u00f3n de futuro.<\/p>\n<p>A\u00fan m\u00e1s, bajo ninguna consideraci\u00f3n o apreciaci\u00f3n, menos si es adoptada sobre la base de primeras impresiones y sin enfoques detallados, debemos tolerar, intensificar o desconocer el desconcierto que genera la falta de entendimientos y de unidad en el enfoque de lo que nos falta y verdaderamente necesitamos &#8211; como sin equ\u00edvocos lo demuestra en lo local, fronterizo, regional o zonal y en la bilateralidad entre Colombia y Venezuela &#8211; la carencia e incre\u00edble&nbsp; vac\u00edo que existe en incentivos, est\u00edmulos, mecanismos y pol\u00edticas que beneficien y aprovechen las ventajas que podr\u00edamos utilizar, junto a la canalizaci\u00f3n de prerrogativas por nuestra&nbsp; especial ubicaci\u00f3n geoestrat\u00e9gica y el potencial en no pocos recursos.<\/p>\n<p>2.- Adem\u00e1s, estas fajas territoriales de indiscutible importancia para lo que se quiera &#8211; en la evaluaci\u00f3n social, econ\u00f3mica y pol\u00edtica &#8211; constituyen pilares y factores de incuestionable trascendencia para integrar y fraternizar empe\u00f1os y acciones en la constituci\u00f3n y proyecci\u00f3n de iniciativas, innovaciones y gestiones que ayuden a consolidar una mayor y mejor presencia y participaci\u00f3n internacional de esta esquina y lugar del mundo. Un simple enfoque a la realidad planetaria y al cubrimiento de distancias permite demostrar que nos ha faltado salir del marco de lo estrictamente local o de vecindario, para ir y llegar a todos los puntos cardinales de nuestro planeta.<\/p>\n<p>3.- \u00bfQu\u00e9 necesitamos? Uni\u00f3n, fraternidad y labor en equipo, con una renovaci\u00f3n y ampliaci\u00f3n de cuadros representativos y de ejecuci\u00f3n, que superen la trajinada y negativa posici\u00f3n y vivencia politiquera, que no va m\u00e1s all\u00e1 de la figuraci\u00f3n y el aprovechamiento personal, sin crear conciencia de lo que se debe y necesita hacer, para vencer el retraso y la carencia, de participaci\u00f3n y ejecutividad en planes, programas y proyectos que modifiquen la situaci\u00f3n de dependencia&nbsp; o semiparalizadas, que nos aqueja y debilita.<\/p>\n<p>Por eso \u00bfno debemos dejar de&nbsp; insistir ante los gobiernos de Bogot\u00e1 y Caracas para que se designe y empiece a actuar &nbsp;una comisi\u00f3n extraordinaria y especial fronteriza- al mayor nivel y compuesta por conocedores de nuestra situaci\u00f3n&nbsp; y de aut\u00e9nticos voceros, para que definan, concreten y precisen lo que se debe hacer y el c\u00f3mo hacerlo? Adem\u00e1s, porque es el mejor aporte, para las dos naciones.<\/p>\n<p>Cuando se comprenda y valore que las fronteras colombianas \u2013 para solo aludir a lo nuestro &#8211; constituyen el 53 % del territorio nacional y que Venezuela comparte y vive lo que se sucede y proyecta desde estas \u00e1reas marginales y abandonadas, que con apoyo franco, abierto y positivo pueden constituirse en factores de inmenso progreso y proyecci\u00f3n, otro ser\u00e1 lo que opere y se proyecte desde estas tierras que observan a Bogot\u00e1 y Caracas, pero sin que sus presidentes, cancilleres, ministros, gobernadores y alcaldes obren al un\u00edsono con los congresos, las asambleas y los concejos. Y, menos, con el sector privado que se aglutina y pide por gremios, asociaciones y entidades que ansiosamente requieren generar empleos y promover mayor, mejor y ejemplarizante obrar gubernamental y ciudadano.<\/p>\n<p><strong>JOS\u00c9 NEIRA REY<\/strong><\/p>\n<p><a href=\"mailto:jneirarey@hotmail.com\">jneirarey@hotmail.com<\/a> <\/p>\n","protected":false},"excerpt":{"rendered":"<p>1.- Ante la magnitud de la crisis que afecta lo local, regional, nacional, binacional&nbsp; e internacional es necesario e indispensable obrar sin precipitad, pero s\u00ed con entereza, seriedad, an\u00e1lisis, realismo, responsabilidad y visi\u00f3n de futuro. A\u00fan m\u00e1s, bajo ninguna consideraci\u00f3n o apreciaci\u00f3n, menos si es adoptada sobre la base de primeras impresiones y sin enfoques &hellip;<\/p>\n","protected":false},"author":1,"featured_media":30461,"comment_status":"open","ping_status":"open","sticky":false,"template":"","format":"standard","meta":{"footnotes":""},"categories":[14,4],"tags":[578,382,956],"class_list":["post-30460","post","type-post","status-publish","format-standard","has-post-thumbnail","hentry","category-articulistas","category-barra","tag-frontera-colombo-venezolana","tag-jose-neira","tag-notas-al-margen"],"_links":{"self":[{"href":"https:\/\/contraluzcucuta.co\/index.php?rest_route=\/wp\/v2\/posts\/30460","targetHints":{"allow":["GET"]}}],"collection":[{"href":"https:\/\/contraluzcucuta.co\/index.php?rest_route=\/wp\/v2\/posts"}],"about":[{"href":"https:\/\/contraluzcucuta.co\/index.php?rest_route=\/wp\/v2\/types\/post"}],"author":[{"embeddable":true,"href":"https:\/\/contraluzcucuta.co\/index.php?rest_route=\/wp\/v2\/users\/1"}],"replies":[{"embeddable":true,"href":"https:\/\/contraluzcucuta.co\/index.php?rest_route=%2Fwp%2Fv2%2Fcomments&post=30460"}],"version-history":[{"count":1,"href":"https:\/\/contraluzcucuta.co\/index.php?rest_route=\/wp\/v2\/posts\/30460\/revisions"}],"predecessor-version":[{"id":30462,"href":"https:\/\/contraluzcucuta.co\/index.php?rest_route=\/wp\/v2\/posts\/30460\/revisions\/30462"}],"wp:featuredmedia":[{"embeddable":true,"href":"https:\/\/contraluzcucuta.co\/index.php?rest_route=\/wp\/v2\/media\/30461"}],"wp:attachment":[{"href":"https:\/\/contraluzcucuta.co\/index.php?rest_route=%2Fwp%2Fv2%2Fmedia&parent=30460"}],"wp:term":[{"taxonomy":"category","embeddable":true,"href":"https:\/\/contraluzcucuta.co\/index.php?rest_route=%2Fwp%2Fv2%2Fcategories&post=30460"},{"taxonomy":"post_tag","embeddable":true,"href":"https:\/\/contraluzcucuta.co\/index.php?rest_route=%2Fwp%2Fv2%2Ftags&post=30460"}],"curies":[{"name":"wp","href":"https:\/\/api.w.org\/{rel}","templated":true}]}}