{"id":30441,"date":"2017-08-16T18:01:08","date_gmt":"2017-08-16T23:01:08","guid":{"rendered":"http:\/\/contraluzcucuta.co\/?p=30441"},"modified":"2017-08-16T18:01:08","modified_gmt":"2017-08-16T23:01:08","slug":"crisis-en-la-frontera-impacto-socio-economico-de-la-migracion-en-norte-de-santander","status":"publish","type":"post","link":"https:\/\/contraluzcucuta.co\/?p=30441","title":{"rendered":"CRISIS EN LA FRONTERA. Impacto socio-econ\u00f3mico de la migraci\u00f3n en Norte de Santander"},"content":{"rendered":"<p><strong>C\u00daCUTA.-<\/strong> La C\u00e1mara de Comercio de C\u00facuta entreg\u00f3 el informe elaborado sobre el impacto socio-econ\u00f3mico de la migraci\u00f3n en Norte de Santander. El an\u00e1lisis corresponde a lo sucedido en el departamento, dos a\u00f1os despu\u00e9s del cierre de la frontera.<\/p>\n<p>El Observatorio Econ\u00f3mico encabez\u00f3 el trabajo que se revel\u00f3 a los cucute\u00f1os y en el que se tuvieron en cuenta &nbsp;diferentes causas, estudiadas por diversos autores. Entre las principales destacan las diferencias salarial, de oferta y demanda de trabajo entre los pa\u00edses de migraci\u00f3n, &nbsp;de expectativas econ\u00f3micas y sociales y de orden pol\u00edtico.<\/p>\n<p>\u201cLa llegada de una gran cantidad de venezolanos a Colombia dej\u00f3 de ser una novedad para convertirse en fen\u00f3meno, social y econ\u00f3mico que afecta al territorio colombiano, principalmente a las ciudades fronterizas, en gran parte debido a la compleja situaci\u00f3n pol\u00edtica que atraviesa el pa\u00eds vecino siendo esta \u00faltima una de las mayores causas de la migraci\u00f3n al pa\u00eds\u201d, se\u00f1ala la C\u00e1mara en la presentaci\u00f3n del documento.<\/p>\n<p>El informe muestra hasta el momento conclusiones que se logran observar desde diferentes \u00e1ngulos:<\/p>\n<p>1.- Las cifras del flujo de viajeros y operaciones de paso en la frontera se han disparado en los \u00faltimos meses. En julio de 2017, se present\u00f3 un promedio d\u00eda de 23.261 operaciones de paso (solo en entrada de extranjeros).<\/p>\n<p>2.- El 67 % de los movimientos migratorios corresponde a &nbsp;colombianos. El 33 % corresponde a venezolanos con \u00fanica nacionalidad vigente.<\/p>\n<p>3.- 150.000 personas han solicitado el Permiso Especial de Permanencia (PEP), que les permite extender hasta por dos a\u00f1os.<\/p>\n<p>4.- A pesar del flujo constante de venezolanos para el abastecimiento de productos de la canasta b\u00e1sica, el IPC en la C\u00facuta se mantiene en el rango meta del Banco de la Rep\u00fablica.<\/p>\n<p>5.- La constante p\u00e9rdida del valor adquisitivo del bol\u00edvar en los \u00faltimos meses ha reflejado la compleja situaci\u00f3n que vive el vecino pa\u00eds. En julio del 2017, el bol\u00edvar se cotiz\u00f3 en $ 0,39.<\/p>\n<p>6.- En el periodo enero-julio del 2017, se han matriculado 5267 empresas en la C\u00e1mara de Comercio de C\u00facuta, lo cual refleja una diferencia de 1520 empresas en relaci\u00f3n al mismo periodo del a\u00f1o anterior.<\/p>\n<p>7.- Durante el primer semestre del 2017, el recaudo de IVA en la ciudad lleg\u00f3 a $ 86.018 millones. Esto representa el aumento de 36,4 % en relaci\u00f3n al a\u00f1o anterior.<\/p>\n<p>8.- El 96 % de los empresarios encuestados afirma que la ciudad no est\u00e1 preparada para el fen\u00f3meno migratorio provocado por la crisis de Venezuela.<\/p>\n<p>9.- M\u00e1s del 80 % de empresarios encuestados considera que la migraci\u00f3n impactar\u00e1 de manera negativa en aspectos de salud, econ\u00f3micos y seguridad.<\/p>\n<p>10.- El sector de transporte mostr\u00f3 buen desempe\u00f1o en las ventas y n\u00famero de empleados durante el 2016, en relaci\u00f3n con el 2015.<\/p>\n<p>11.- Al comparar las ventas en hoteles, restaurantes, salud, servicios y manufacturas durante el 2016 y las reportadas en el a\u00f1o anterior se evidenci\u00f3 disminuci\u00f3n en todos los sectores mencionados.<\/p>\n<p><strong>RECOMENDACIONES<\/strong><\/p>\n<p>La C\u00e1mara de Comercio de C\u00facuta propone crear el Centro Integral de Recibimiento al Migrante, que ayudar\u00e1 a afrontar la crisis humanitaria fronteriza. El CIRI ser\u00e1 el primer punto de contacto con el migrante y refugiado proveniente de Venezuela que llega a Colombia a trav\u00e9s de la frontera con C\u00facuta, donde pueda obtener orientaci\u00f3n e informaci\u00f3n claves para el ingreso y adaptaci\u00f3n al pa\u00eds.<\/p>\n<p>Esta atenci\u00f3n se llevar\u00e1 a cabo mediante tres canales: presencial, telef\u00f3nico y virtual. As\u00ed mismo, tendr\u00e1 una ruta de atenci\u00f3n y orientaci\u00f3n a los migrantes que comenzar\u00e1 con identificaci\u00f3n, seguido del direccionamiento a la entidad competente y la gesti\u00f3n ante la misma, para finalmente ofrecer una respuesta a la poblaci\u00f3n migrante.<\/p>\n<p>Se propone el trabajo articulado con dos ministerios e identificar acciones puntuales para reactivar e incentivar el uso de la mano de obra local:<\/p>\n<ol>\n<li>Ministerio de Trabajo<\/li>\n<\/ol>\n<p>&#8211; Buscar reducci\u00f3n de las tasas de desempleo e informalidad.<\/p>\n<p>&#8211; Esfuerzo conjunto con Cajas de Compensaci\u00f3n, Sena y sector privado.<\/p>\n<p>&#8211; Promover trabajo articulado con autoridades regionales y nacionales.<\/p>\n<p>&#8211; Beneficios parafiscales a empresas que contraten colombianos y venezolanos legalmente establecidos en el pa\u00eds.<\/p>\n<p>&#8211; Ejecutar programas de productividad de manera multisectorial.<\/p>\n<ol start=\"2\">\n<li>Ministerio de Agricultura<\/li>\n<\/ol>\n<p>&#8211; Ubicar la frontera como el escenario de un plan piloto.<\/p>\n<p>&#8211; Aprovechar necesidades de palmicultores, arcilleros y carboneros.<\/p>\n<p>&#8211; Aprovechamiento de capacidad instalada y mano de obra (Ciudad Maquila)<\/p>\n<p>&#8211; Explorar vacantes nacionales en sectores primarios como caf\u00e9, arroz, ca\u00f1a, flores, etc\u00e9tera.<\/p>\n<p>Informe completo:<\/p>\n<p>http:\/\/www.cccucuta.org.co\/media\/Documentos\/informe_completo_cierre_de_la_frontera_segundo_ano.pdf<\/p>\n<p>&nbsp; <\/p>\n","protected":false},"excerpt":{"rendered":"<p>C\u00daCUTA.- La C\u00e1mara de Comercio de C\u00facuta entreg\u00f3 el informe elaborado sobre el impacto socio-econ\u00f3mico de la migraci\u00f3n en Norte de Santander. El an\u00e1lisis corresponde a lo sucedido en el departamento, dos a\u00f1os despu\u00e9s del cierre de la frontera. El Observatorio Econ\u00f3mico encabez\u00f3 el trabajo que se revel\u00f3 a los cucute\u00f1os y en el que &hellip;<\/p>\n","protected":false},"author":1,"featured_media":30442,"comment_status":"open","ping_status":"open","sticky":false,"template":"","format":"standard","meta":{"footnotes":""},"categories":[4,6],"tags":[375,2483,3187],"class_list":["post-30441","post","type-post","status-publish","format-standard","has-post-thumbnail","hentry","category-barra","category-ojo-avizor","tag-camara-de-comercio-de-cucuta","tag-crisis-en-la-frontera","tag-migracion-colombia"],"_links":{"self":[{"href":"https:\/\/contraluzcucuta.co\/index.php?rest_route=\/wp\/v2\/posts\/30441","targetHints":{"allow":["GET"]}}],"collection":[{"href":"https:\/\/contraluzcucuta.co\/index.php?rest_route=\/wp\/v2\/posts"}],"about":[{"href":"https:\/\/contraluzcucuta.co\/index.php?rest_route=\/wp\/v2\/types\/post"}],"author":[{"embeddable":true,"href":"https:\/\/contraluzcucuta.co\/index.php?rest_route=\/wp\/v2\/users\/1"}],"replies":[{"embeddable":true,"href":"https:\/\/contraluzcucuta.co\/index.php?rest_route=%2Fwp%2Fv2%2Fcomments&post=30441"}],"version-history":[{"count":1,"href":"https:\/\/contraluzcucuta.co\/index.php?rest_route=\/wp\/v2\/posts\/30441\/revisions"}],"predecessor-version":[{"id":30443,"href":"https:\/\/contraluzcucuta.co\/index.php?rest_route=\/wp\/v2\/posts\/30441\/revisions\/30443"}],"wp:featuredmedia":[{"embeddable":true,"href":"https:\/\/contraluzcucuta.co\/index.php?rest_route=\/wp\/v2\/media\/30442"}],"wp:attachment":[{"href":"https:\/\/contraluzcucuta.co\/index.php?rest_route=%2Fwp%2Fv2%2Fmedia&parent=30441"}],"wp:term":[{"taxonomy":"category","embeddable":true,"href":"https:\/\/contraluzcucuta.co\/index.php?rest_route=%2Fwp%2Fv2%2Fcategories&post=30441"},{"taxonomy":"post_tag","embeddable":true,"href":"https:\/\/contraluzcucuta.co\/index.php?rest_route=%2Fwp%2Fv2%2Ftags&post=30441"}],"curies":[{"name":"wp","href":"https:\/\/api.w.org\/{rel}","templated":true}]}}