{"id":30435,"date":"2017-08-15T22:55:55","date_gmt":"2017-08-16T03:55:55","guid":{"rendered":"http:\/\/contraluzcucuta.co\/?p=30435"},"modified":"2017-08-23T16:45:08","modified_gmt":"2017-08-23T21:45:08","slug":"desde-afuera-el-sueno-de-este-ingeniero-es-hermanar-cucuta-con-nuremberg","status":"publish","type":"post","link":"https:\/\/contraluzcucuta.co\/?p=30435","title":{"rendered":"DESDE AFUERA. El sue\u00f1o de este ingeniero es hermanar a C\u00facuta con N\u00faremberg"},"content":{"rendered":"<p>Fernando S\u00e1nchez Gamboa, de 33 a\u00f1os, sali\u00f3 de C\u00facuta hace 17 para estudiar ingenier\u00eda electr\u00f3nica en Bogot\u00e1 y poco a poco se alej\u00f3 de la capital de Norte de Santander hasta llegar a N\u00faremberg (Alemania). All\u00e1, extra\u00f1a la espontaneidad de los cucute\u00f1os, los amigos que se hacen en la fila del banco, el saludo de un desconocido en la buseta y la calidez de la gente. \u201cEn Alemania no se ve tanto eso\u201d.<\/p>\n<p>En ese pa\u00eds europeo se dice que en el cielo los t\u00e9cnicos son alemanes y en el infierno son cocineros. Esa es la broma con la que se afirma que no son los mejores en comidas en Europa. \u201cMe parece mejor la comida en Italia, en Espa\u00f1a. En Alemania son t\u00edpicos los embutidos, las salchichas\u201d. Tambi\u00e9n, echa de menos la comida colombiana. Incluso, los jugos de frutas no se ven.<\/p>\n<p>El a\u00f1o pasado conoci\u00f3 a un cucute\u00f1o, despu\u00e9s de pasar seis a\u00f1os en N\u00faremberg. Ahora son amigos. Entre los dos pueden encontrar las diferencias que hay entre una y otra ciudad. N\u00faremberg es tur\u00edstica, hist\u00f3rica y centralizada. Tiene 1100 a\u00f1os de fundada. La Alcald\u00eda hace esfuerzos para mejorar la calidad de vida de los habitantes en la parte cultural.<\/p>\n<p>Es una ciudad de 500.000 habitantes y tiene un programa cultural amplio. Cada fin de semana, puede asistirse a obras de teatro y a festivales, porque el gobierno local se esfuerza para conseguirlo. \u201cEs algo que me gusta y que podr\u00edamos replicar en C\u00facuta\u201d.<\/p>\n<p>Ese grado de desarrollo puede alcanzarse en la capital nortesantandereana,&nbsp; con trabajo. \u201cTenemos que trabajar en conciencia ciudadana. Soy optimista y pienso que tanto la ciudad como el pa\u00eds podr\u00edan desarrollarse a ese nivel, aunque falten muchos a\u00f1os para llegar all\u00e1\u201d.<\/p>\n<p>Hace cuatro o cinco a\u00f1os, afront\u00f3 situaciones dif\u00edciles en tres \u00e1reas de la vida. En lo familiar, en lo laboral y con la pareja. Las tres ocurrieron al tiempo. \u201cSoy creyente y siento que todo sucedi\u00f3 al tiempo por alguna raz\u00f3n. Hoy, creo que esa crisis me ha permitido ser como soy\u201d. Aprovech\u00f3 las dificultades para salir adelante, por eso agradece a la vida y a Dios por ponerle esas pruebas en el camino, porque aprendi\u00f3 a vivir.<\/p>\n<p>Lo momentos felices, en cambio, los cuenta por montones. Uno, haber terminado la maestr\u00eda en Alemania; dos, ver la tesis de la maestr\u00eda expuesta en una feria internacional de automatizaci\u00f3n, y tres, haber sacado adelante un proyecto personal.<\/p>\n<p>Las tristezas lo llevaron a pensar en devolverse. La lejan\u00eda y el estar tan separado de la familia lo han puesto a pensar sobre el futuro. Quiso regresar a ra\u00edz de&nbsp; los problemas. \u201cEl saber del nacimiento o la muerte de familiares me hace querer regresar a Colombia. Pero cuando se tienen metas claras es f\u00e1cil decir, todav\u00eda me voy a quedar varios a\u00f1os m\u00e1s\u201d. Y&nbsp; todav\u00eda estar\u00e1 otros a\u00f1os por fuera. \u201cEn este momento tengo oportunidades de crecer y creo que me voy a quedar siete a\u00f1os m\u00e1s. O no s\u00e9 si me cambie la vida y termine radic\u00e1ndome por aqu\u00ed\u201d.<\/p>\n<p>Los alemanes se debaten entre dos im\u00e1genes sobre Colombia. La mala, la de las drogas y la violencia, y la buena, la de la alegr\u00eda de la gente, del calor humano, de la naturaleza, de las playas. Poco &nbsp;saben de C\u00facuta, no la conocen. \u201cSiempre trato de explicarles a los alemanes y a los europeos que es una ciudad de frontera y que hay mucho comercio. Lo que saben de la ciudad lo han escuchado en las noticias de los \u00faltimos a\u00f1os y es sobre el cierre de la frontera.<\/p>\n<p>Por eso ha asumido estrategias para trasmitir el calor cucute\u00f1o en ese lugar. Lo primero que hace es demostrar alegr\u00eda. \u201cHe creado un festival de baile hace tres a\u00f1os. Trato de impregnar alegr\u00eda\u201d.<\/p>\n<p>Al regresar a C\u00facuta le gustar\u00eda encontrar una ciudad abierta en lo cultural. \u201cSue\u00f1o con C\u00facuta y tengo proyectos para hermanar a las dos ciudades. Me siento embajador de C\u00facuta, y as\u00ed no regrese, alg\u00fan d\u00eda tengo que darle algo a mi tierra\u201d.<\/p>\n<p>La comparaci\u00f3n entre N\u00faremberg y C\u00facuta se limita al tama\u00f1o y a la posici\u00f3n intermedia en cada pa\u00eds. En lo pol\u00edtico, no le gusta c\u00f3mo se trabajan algunos temas. \u201cNo me gusta el trabajo del Concejo, pienso que se debe salir de las mismas familias, de los mismos nombres, de los mismos clanes, que han manejado la ciudad en muchos a\u00f1os. Comienza a verse que los hijos y los sobrinos han entrado en la pol\u00edtica\u201d.<\/p>\n<p>Para estar enterado de lo que ocurre en la capital del departamento, lee el peri\u00f3dico local por internet. El distintivo rojinegro que lo identifica como cucute\u00f1o es la camiseta del C\u00facuta Deportivo firmada por Charles Castro. Se la pone cuando va a cualquier estadio europeo. Tiene fotos con la camiseta en el Santiago Bernabeu, en el Camp Nou y en el Ol\u00edmpico de Berl\u00edn. \u201cSer\u00e9 cucute\u00f1o hasta que me muera. Llevo el rojinegro en mi coraz\u00f3n, as\u00ed el equipo est\u00e9 en la categor\u00eda zeta ah\u00ed estar\u00e9\u201d.<\/p>\n<p>Escuchar m\u00fasica colombiana es un sentimiento fuerte que lo hace sentir nostalgia y ganas de regresar a casa. Esas canciones le tocan las cuerdas sentimentales y por eso trata de venir una vez al a\u00f1o a Colombia para recargar bater\u00edas.<\/p>\n<p>En los tiempos libres, que son pocos por razones laborales, le gusta practicar el triatl\u00f3n y viajar por Europa. El momento en el que ha sentido mayor emoci\u00f3n al pensar en C\u00facuta est\u00e1 representado por&nbsp; la situaci\u00f3n que se vive con Venezuela, durante los \u00faltimos a\u00f1os, por el cierre de la frontera.<\/p>\n<p><strong>RAFAEL ANTONIO PAB\u00d3N<\/strong><\/p>\n<p><a href=\"mailto:rafaelpabon58@hotmail.com\"><strong>rafaelpabon58@hotmail.com<\/strong><\/a> <\/p>\n","protected":false},"excerpt":{"rendered":"<p>Fernando S\u00e1nchez Gamboa, de 33 a\u00f1os, sali\u00f3 de C\u00facuta hace 17 para estudiar ingenier\u00eda electr\u00f3nica en Bogot\u00e1 y poco a poco se alej\u00f3 de la capital de Norte de Santander hasta llegar a N\u00faremberg (Alemania). All\u00e1, extra\u00f1a la espontaneidad de los cucute\u00f1os, los amigos que se hacen en la fila del banco, el saludo de &hellip;<\/p>\n","protected":false},"author":1,"featured_media":30436,"comment_status":"open","ping_status":"open","sticky":false,"template":"","format":"standard","meta":{"footnotes":""},"categories":[4,168],"tags":[2021,2089],"class_list":["post-30435","post","type-post","status-publish","format-standard","has-post-thumbnail","hentry","category-barra","category-los-que-estan-afuera","tag-cucutenos-por-el-mundo","tag-desde-afuera"],"_links":{"self":[{"href":"https:\/\/contraluzcucuta.co\/index.php?rest_route=\/wp\/v2\/posts\/30435","targetHints":{"allow":["GET"]}}],"collection":[{"href":"https:\/\/contraluzcucuta.co\/index.php?rest_route=\/wp\/v2\/posts"}],"about":[{"href":"https:\/\/contraluzcucuta.co\/index.php?rest_route=\/wp\/v2\/types\/post"}],"author":[{"embeddable":true,"href":"https:\/\/contraluzcucuta.co\/index.php?rest_route=\/wp\/v2\/users\/1"}],"replies":[{"embeddable":true,"href":"https:\/\/contraluzcucuta.co\/index.php?rest_route=%2Fwp%2Fv2%2Fcomments&post=30435"}],"version-history":[{"count":1,"href":"https:\/\/contraluzcucuta.co\/index.php?rest_route=\/wp\/v2\/posts\/30435\/revisions"}],"predecessor-version":[{"id":30437,"href":"https:\/\/contraluzcucuta.co\/index.php?rest_route=\/wp\/v2\/posts\/30435\/revisions\/30437"}],"wp:featuredmedia":[{"embeddable":true,"href":"https:\/\/contraluzcucuta.co\/index.php?rest_route=\/wp\/v2\/media\/30436"}],"wp:attachment":[{"href":"https:\/\/contraluzcucuta.co\/index.php?rest_route=%2Fwp%2Fv2%2Fmedia&parent=30435"}],"wp:term":[{"taxonomy":"category","embeddable":true,"href":"https:\/\/contraluzcucuta.co\/index.php?rest_route=%2Fwp%2Fv2%2Fcategories&post=30435"},{"taxonomy":"post_tag","embeddable":true,"href":"https:\/\/contraluzcucuta.co\/index.php?rest_route=%2Fwp%2Fv2%2Ftags&post=30435"}],"curies":[{"name":"wp","href":"https:\/\/api.w.org\/{rel}","templated":true}]}}