{"id":30423,"date":"2017-08-15T21:43:49","date_gmt":"2017-08-16T02:43:49","guid":{"rendered":"http:\/\/contraluzcucuta.co\/?p=30423"},"modified":"2017-08-15T21:43:49","modified_gmt":"2017-08-16T02:43:49","slug":"actualidad-ladrones-de-cuello-blanco","status":"publish","type":"post","link":"https:\/\/contraluzcucuta.co\/?p=30423","title":{"rendered":"ACTUALIDAD. Ladrones de cuello blanco"},"content":{"rendered":"<p>La doctora Cristina Plazas, ex directora del Instituto Colombiano de Bienestar Familiar, dijo a la prensa que el senador \u2018\u00d1o\u00f1o\u2019 El\u00edas, a quien el Gobierno le asign\u00f3 el ICBF, no hizo sino explotarlo durante 15 a\u00f1os. El senador, que gana m\u00e1s de $ 30 millones mensuales, result\u00f3 un ladr\u00f3n de cuello blanco al expoliar los escasos presupuestos para la protecci\u00f3n de la ni\u00f1ez desamparada.<\/p>\n<p>Nadie se explica por qu\u00e9 &nbsp;le asignan a los parlamentarios los institutos del Estado, quienes les caen como cern\u00edcalos, a la pata de los pobres presupuestos, como si no tuvieran gerentes y directivos, para su funcionamiento; tal el caso del citado instituto, asignado al insaciable senador coste\u00f1o, quien hoy duerme, en la c\u00e1rcel de la Picota, por afortunada decisi\u00f3n de la Corte Suprema de Justicia.<\/p>\n<p>Y no es el \u00fanico caso, esa es, inveterada pr\u00e1ctica en todo el pa\u00eds; aqu\u00ed, entre nosotros, tambi\u00e9n se vive y se sufre esa pr\u00e1ctica; hace unos meses, cuando se fue a elegir el rector de la Universidad de Pamplona, el parlamentario a quien est\u00e1 signado ese instituto de educaci\u00f3n superior, particip\u00f3 en la decisi\u00f3n, lo cual le permiti\u00f3 recibir una elevada coima, que pag\u00f3 nada menos, que la conocida delincuente a nivel nacional, la gata, como fue denunciado oportunamente por la prensa.<\/p>\n<p>Para qu\u00e9, se pregunta la ciudadan\u00eda, ponen encima de los menguados presupuestos de los institutos descentralizados, avezados ladrones de cuello blanco, como fue denunciado por la ex directora del instituto colombiano de bienestar familiar doctora Cristina Plazas? Tal vez, sea esa, la causa para su inesperada remoci\u00f3n del cargo.<\/p>\n<p>Indudablemente, son vergonzosas manchas, que deterioran el buen nombre de este gobierno, ya de por s\u00ed con elevado detrimento, en su \u00faltimo a\u00f1o de ejercicio del poder; bueno ser\u00eda, piensa la ciudadan\u00eda, que no existieran esas desagradables y vergonzosas fallas. Que el gobierno nacional, desista de asignarle los institutos oficiales a los parlamentarios, para evitar lo denunciado en el citado instituto nacional de bienestar fa miliar.<\/p>\n<p>Afortunadamente, tanto la Fiscal\u00eda general de la naci\u00f3n, como la Corte Suprema de Justicia, est\u00e1n empe\u00f1ados en perseguir y castigar la delincuencia de todos los pelajes, en una actitud que la naci\u00f3n entera les sabe agradecer, para bienestar de todos.<\/p>\n<p>El \u2018\u00d1o\u00f1o\u2019 El\u00edas es el primero de los ladrones de cuello blanco, en caer en las garras de la justicia, pero tal vez no sea el \u00fanico, ni el \u00faltimo, porque se ve que la justicia se est\u00e1 moviendo sin contemplaciones, y esperamos contin\u00fae en esa labor de limpieza social.<\/p>\n<p><strong>PABLO EMILIO RAM\u00cdREZ<\/strong> <\/p>\n","protected":false},"excerpt":{"rendered":"<p>La doctora Cristina Plazas, ex directora del Instituto Colombiano de Bienestar Familiar, dijo a la prensa que el senador \u2018\u00d1o\u00f1o\u2019 El\u00edas, a quien el Gobierno le asign\u00f3 el ICBF, no hizo sino explotarlo durante 15 a\u00f1os. El senador, que gana m\u00e1s de $ 30 millones mensuales, result\u00f3 un ladr\u00f3n de cuello blanco al expoliar los &hellip;<\/p>\n","protected":false},"author":1,"featured_media":30424,"comment_status":"open","ping_status":"open","sticky":false,"template":"","format":"standard","meta":{"footnotes":""},"categories":[14,4],"tags":[3752,3430],"class_list":["post-30423","post","type-post","status-publish","format-standard","has-post-thumbnail","hentry","category-articulistas","category-barra","tag-ladrones-de-cuello-blanco","tag-pablo-emilio-ramirez"],"_links":{"self":[{"href":"https:\/\/contraluzcucuta.co\/index.php?rest_route=\/wp\/v2\/posts\/30423","targetHints":{"allow":["GET"]}}],"collection":[{"href":"https:\/\/contraluzcucuta.co\/index.php?rest_route=\/wp\/v2\/posts"}],"about":[{"href":"https:\/\/contraluzcucuta.co\/index.php?rest_route=\/wp\/v2\/types\/post"}],"author":[{"embeddable":true,"href":"https:\/\/contraluzcucuta.co\/index.php?rest_route=\/wp\/v2\/users\/1"}],"replies":[{"embeddable":true,"href":"https:\/\/contraluzcucuta.co\/index.php?rest_route=%2Fwp%2Fv2%2Fcomments&post=30423"}],"version-history":[{"count":1,"href":"https:\/\/contraluzcucuta.co\/index.php?rest_route=\/wp\/v2\/posts\/30423\/revisions"}],"predecessor-version":[{"id":30425,"href":"https:\/\/contraluzcucuta.co\/index.php?rest_route=\/wp\/v2\/posts\/30423\/revisions\/30425"}],"wp:featuredmedia":[{"embeddable":true,"href":"https:\/\/contraluzcucuta.co\/index.php?rest_route=\/wp\/v2\/media\/30424"}],"wp:attachment":[{"href":"https:\/\/contraluzcucuta.co\/index.php?rest_route=%2Fwp%2Fv2%2Fmedia&parent=30423"}],"wp:term":[{"taxonomy":"category","embeddable":true,"href":"https:\/\/contraluzcucuta.co\/index.php?rest_route=%2Fwp%2Fv2%2Fcategories&post=30423"},{"taxonomy":"post_tag","embeddable":true,"href":"https:\/\/contraluzcucuta.co\/index.php?rest_route=%2Fwp%2Fv2%2Ftags&post=30423"}],"curies":[{"name":"wp","href":"https:\/\/api.w.org\/{rel}","templated":true}]}}