{"id":30389,"date":"2017-08-09T21:26:29","date_gmt":"2017-08-10T02:26:29","guid":{"rendered":"http:\/\/contraluzcucuta.co\/?p=30389"},"modified":"2017-08-09T21:26:29","modified_gmt":"2017-08-10T02:26:29","slug":"cucuta-deportivo-la-mesa-esta-servida-para-la-vuelta-casa","status":"publish","type":"post","link":"https:\/\/contraluzcucuta.co\/?p=30389","title":{"rendered":"C\u00daCUTA DEPORTIVO. La mesa est\u00e1 servida para la vuelta a casa"},"content":{"rendered":"<p><strong>C\u00daCUTA.-<\/strong> En el estadio General Santander, como deb\u00eda ser, se anunci\u00f3 la vuelta del C\u00facuta Deportivo a casa. Los encargados de dar la buena nueva fueron el gobernador William Villamizar, el alcalde C\u00e9sar Rojas y el mayor accionista Jos\u00e9 Augusto Cadena. Atr\u00e1s quedan las rencillas, el distanciamiento y las amenazas de parte y parte.<\/p>\n<p>El 19 de agosto, frente a Fortaleza, por una fecha m\u00e1s del torneo de segunda divisi\u00f3n del f\u00fatbol profesional colombiano, ser\u00e1 recordado como el d\u00eda que los motilones volvieron al otrora fort\u00edn inexpugnable. Seguro, la fecha perdurar\u00e1 en el imaginario rojinegro, como ocurre con otras que hacen parte de la historia del club.<\/p>\n<p>\u201cLo que quer\u00edamos con el Alcalde era que regresara el buen f\u00fatbol, que regresara un equipo bueno y competitivo. Lo tenemos, ahora debe estar aqu\u00ed siendo protagonista del f\u00fatbol colombiano\u201d, dijo Villamizar Laguado.<\/p>\n<p>&#8220;Es un compromiso adquirido y el equipo regresa, teniendo en cuenta los arreglos y las adecuaciones de la gramilla del estadio, mediante t\u00e9cnicas que manejen el corte del c\u00e9sped, abonos, nivelaci\u00f3n y demarcaciones, aportaremos algunos recursos importantes el a\u00f1o entrante para grader\u00eda, camerinos y tablero electr\u00f3nico moderno&#8221;, asegur\u00f3 Rojas Ayala.<\/p>\n<p>\u201cEl di\u00e1logo fue la mejor manera. Nos sentamos y hablamos. Fueron muchas instituciones que estuvieron a cargo de esto, hoy pudimos sacar una conclusi\u00f3n y lo mejor es que el C\u00facuta regrese a la ciudad\u201d, coment\u00f3 Cadena.<\/p>\n<p>As\u00ed, se firma la \u2018pipa de la paz\u2019 entre los dirigentes civiles y deportivos de la ciudad. Cadena se llev\u00f3 el equipo para Zipaquir\u00e1 y amenaz\u00f3 con ponerlo en otra plaza, porque en la capital de Norte de Santander no encontr\u00f3 apoyo.<\/p>\n<p>Villamizar y Rojas respondieron, al un\u00edsono, que el empresario deb\u00eda ponerse al d\u00eda en los impuestos y no volvieron a prestar el estadio. Requisito para regresar, que el once se muestre como cuadro competitivo y luche por retornar a la primera divisi\u00f3n.<\/p>\n<p>Los hinchas maldijeron al accionista mayoritario, lo enjuiciaron p\u00fablicamente y mediante grafitis lo expulsaron de la ciudad. Los aficionados le perdieron el amor al presidente y desde antes del cambio de sede, en el General Santander pidieron la renuncia.<\/p>\n<p>Los concejales de C\u00facuta se metieron en la pelea para defender los intereses del pueblo y declararon a Cadena \u2018persona no grata\u2019. Luego, le prepararon un foro para descuerarlo y terminaron poni\u00e9ndose la camiseta que les trajo de Zipaquir\u00e1.<\/p>\n<p>Ahora, resta incentivar a la hinchada para que demuestre el apoyo que siempre ha tenido para con el once motil\u00f3n y asista al estadio. \u201cLa invitaci\u00f3n es a la afici\u00f3n a respaldar, a acompa\u00f1ar, a comprar la boleta\u201d, lo dijo William Villamizar.<\/p>\n<p>\u201cEmpezaremos a trabajar, haremos reformaciones a los camerinos y estamos pensando en invertir unos recursos para instalar una pantalla gigante\u201d, lo afirm\u00f3 C\u00e9sar Rojas.<\/p>\n<p>La mesa est\u00e1 servida. Falta que los oferentes del banquete cumplan con lo que se han comprometiendo. Los invitados, aguardan las tarjetas para disfrutar la fiesta. <\/p>\n","protected":false},"excerpt":{"rendered":"<p>C\u00daCUTA.- En el estadio General Santander, como deb\u00eda ser, se anunci\u00f3 la vuelta del C\u00facuta Deportivo a casa. Los encargados de dar la buena nueva fueron el gobernador William Villamizar, el alcalde C\u00e9sar Rojas y el mayor accionista Jos\u00e9 Augusto Cadena. Atr\u00e1s quedan las rencillas, el distanciamiento y las amenazas de parte y parte. El &hellip;<\/p>\n","protected":false},"author":1,"featured_media":30390,"comment_status":"open","ping_status":"open","sticky":false,"template":"","format":"standard","meta":{"footnotes":""},"categories":[4,28],"tags":[192,1166,2509],"class_list":["post-30389","post","type-post","status-publish","format-standard","has-post-thumbnail","hentry","category-barra","category-vistazo-deportivo","tag-cucuta-deportivo","tag-estadio-general-santander","tag-jose-augusto-cadena"],"_links":{"self":[{"href":"https:\/\/contraluzcucuta.co\/index.php?rest_route=\/wp\/v2\/posts\/30389","targetHints":{"allow":["GET"]}}],"collection":[{"href":"https:\/\/contraluzcucuta.co\/index.php?rest_route=\/wp\/v2\/posts"}],"about":[{"href":"https:\/\/contraluzcucuta.co\/index.php?rest_route=\/wp\/v2\/types\/post"}],"author":[{"embeddable":true,"href":"https:\/\/contraluzcucuta.co\/index.php?rest_route=\/wp\/v2\/users\/1"}],"replies":[{"embeddable":true,"href":"https:\/\/contraluzcucuta.co\/index.php?rest_route=%2Fwp%2Fv2%2Fcomments&post=30389"}],"version-history":[{"count":1,"href":"https:\/\/contraluzcucuta.co\/index.php?rest_route=\/wp\/v2\/posts\/30389\/revisions"}],"predecessor-version":[{"id":30391,"href":"https:\/\/contraluzcucuta.co\/index.php?rest_route=\/wp\/v2\/posts\/30389\/revisions\/30391"}],"wp:featuredmedia":[{"embeddable":true,"href":"https:\/\/contraluzcucuta.co\/index.php?rest_route=\/wp\/v2\/media\/30390"}],"wp:attachment":[{"href":"https:\/\/contraluzcucuta.co\/index.php?rest_route=%2Fwp%2Fv2%2Fmedia&parent=30389"}],"wp:term":[{"taxonomy":"category","embeddable":true,"href":"https:\/\/contraluzcucuta.co\/index.php?rest_route=%2Fwp%2Fv2%2Fcategories&post=30389"},{"taxonomy":"post_tag","embeddable":true,"href":"https:\/\/contraluzcucuta.co\/index.php?rest_route=%2Fwp%2Fv2%2Ftags&post=30389"}],"curies":[{"name":"wp","href":"https:\/\/api.w.org\/{rel}","templated":true}]}}