{"id":30383,"date":"2017-08-09T20:11:13","date_gmt":"2017-08-10T01:11:13","guid":{"rendered":"http:\/\/contraluzcucuta.co\/?p=30383"},"modified":"2017-08-09T20:11:13","modified_gmt":"2017-08-10T01:11:13","slug":"concejo-de-cucuta-sesiones-extras-para-debatir-13-proyectos-de-acuerdo","status":"publish","type":"post","link":"https:\/\/contraluzcucuta.co\/?p=30383","title":{"rendered":"CONCEJO DE C\u00daCUTA. Sesiones extras para debatir 13 proyectos de acuerdo"},"content":{"rendered":"<p><strong>C\u00daCUTA.-<\/strong> Durante 20 d\u00edas, por convocatoria del alcalde Cesar Rojas, el Concejo de C\u00facuta estar\u00e1 en sesiones extras. El fin del llamado es debatir 13 iniciativas, entre pendientes de los ciclos ordinarios o nuevas, presentadas por la administraci\u00f3n municipal.<\/p>\n<p>Entre los proyectos radicados para ser analizados, &nbsp;del 8 y el 28 de agosto, destacan:<\/p>\n<p>1.- Adopci\u00f3n del plan decenal de cultura para el Municipio<\/p>\n<p>2.- Expedici\u00f3n del permiso para poseer ejemplares caninos potencialmente peligrosos, as\u00ed como la tasa para cobrar a los propietarios por el registro en el censo<\/p>\n<p>3.- Nuevo reglamento del Concejo<\/p>\n<p>4.- Facultades al Alcalde para crear el Fondo de Valorizaci\u00f3n, adscrito a la Secretar\u00eda de Hacienda<\/p>\n<p>5.- Modificaci\u00f3n del Estatuto Tributario Municipal<\/p>\n<p>6.- Ampliaci\u00f3n de los t\u00e9rminos otorgados al Alcalde para desarrollar, dise\u00f1ar y proyectar la construcci\u00f3n del Centro Administrativo y Comercial de San Jos\u00e9 de C\u00facuta.<\/p>\n<p>7.- Factores de subsidio y aportes solidarios a los servicios p\u00fablicos domiciliarios de acueducto y alcantarillado y aseo en el municipio.<\/p>\n<p>Los proyectos para segundo debate corresponden a:<\/p>\n<p>1.- Autorizaci\u00f3n al Alcalde para la vinculaci\u00f3n al Plan Departamental para el manejo empresarial de los servicios de agua y saneamiento<\/p>\n<p>2.- Facultades al Alcalde para contratar un empr\u00e9stito con destino a la inclusi\u00f3n del municipio en programa de ciudades emergentes<\/p>\n<p>3.- Supresi\u00f3n y liquidaci\u00f3n de Metrovivienda.<\/p>\n<p>El presidente del Concejo, Nelson Ovalles, manifest\u00f3 que est\u00e1n en la obligaci\u00f3n de estudiar cada proyecto de acuerdo y luego de previo estudio con autonom\u00eda, decidir cu\u00e1l es aprobado o modificado.<\/p>\n<p>En el paquete hay dos iniciativas presentadas por concejales:<\/p>\n<p>1.- Leonardo J\u00e1come que busca la peatonalizaci\u00f3n de la v\u00eda frente a la UFPS<\/p>\n<p>2.- Mesa directiva. Reglamento interno del Concejo.<\/p>\n<p>Martha Mar\u00eda Reyes, secretaria general de la Alcald\u00eda, instal\u00f3 el ciclo extraordinario. \u201cCon estos proyectos presentados hoy, el alcalde C\u00e9sar Rojas busca seguir en la transformaci\u00f3n de la ciudad y cumplir&nbsp;a cabalidad el Plan de Desarrollo Municipal 2016-2019.<\/p>\n<p>Al acto asistieron la Contralora Municipal, Blanca Cruz Gonz\u00e1lez; y los secretarios de Infraestructura, Jhonny Pascual, y de Desarrollo Econ\u00f3mico, Jos\u00e9 Vargas.<\/p>\n<p>&nbsp; <\/p>\n","protected":false},"excerpt":{"rendered":"<p>C\u00daCUTA.- Durante 20 d\u00edas, por convocatoria del alcalde Cesar Rojas, el Concejo de C\u00facuta estar\u00e1 en sesiones extras. El fin del llamado es debatir 13 iniciativas, entre pendientes de los ciclos ordinarios o nuevas, presentadas por la administraci\u00f3n municipal. Entre los proyectos radicados para ser analizados, &nbsp;del 8 y el 28 de agosto, destacan: 1.- &hellip;<\/p>\n","protected":false},"author":1,"featured_media":30384,"comment_status":"open","ping_status":"open","sticky":false,"template":"","format":"standard","meta":{"footnotes":""},"categories":[4,9],"tags":[197,469,3507],"class_list":["post-30383","post","type-post","status-publish","format-standard","has-post-thumbnail","hentry","category-barra","category-politica","tag-concejo-de-cucuta","tag-marta-maria-reyes","tag-sesiones-extras"],"_links":{"self":[{"href":"https:\/\/contraluzcucuta.co\/index.php?rest_route=\/wp\/v2\/posts\/30383","targetHints":{"allow":["GET"]}}],"collection":[{"href":"https:\/\/contraluzcucuta.co\/index.php?rest_route=\/wp\/v2\/posts"}],"about":[{"href":"https:\/\/contraluzcucuta.co\/index.php?rest_route=\/wp\/v2\/types\/post"}],"author":[{"embeddable":true,"href":"https:\/\/contraluzcucuta.co\/index.php?rest_route=\/wp\/v2\/users\/1"}],"replies":[{"embeddable":true,"href":"https:\/\/contraluzcucuta.co\/index.php?rest_route=%2Fwp%2Fv2%2Fcomments&post=30383"}],"version-history":[{"count":1,"href":"https:\/\/contraluzcucuta.co\/index.php?rest_route=\/wp\/v2\/posts\/30383\/revisions"}],"predecessor-version":[{"id":30385,"href":"https:\/\/contraluzcucuta.co\/index.php?rest_route=\/wp\/v2\/posts\/30383\/revisions\/30385"}],"wp:featuredmedia":[{"embeddable":true,"href":"https:\/\/contraluzcucuta.co\/index.php?rest_route=\/wp\/v2\/media\/30384"}],"wp:attachment":[{"href":"https:\/\/contraluzcucuta.co\/index.php?rest_route=%2Fwp%2Fv2%2Fmedia&parent=30383"}],"wp:term":[{"taxonomy":"category","embeddable":true,"href":"https:\/\/contraluzcucuta.co\/index.php?rest_route=%2Fwp%2Fv2%2Fcategories&post=30383"},{"taxonomy":"post_tag","embeddable":true,"href":"https:\/\/contraluzcucuta.co\/index.php?rest_route=%2Fwp%2Fv2%2Ftags&post=30383"}],"curies":[{"name":"wp","href":"https:\/\/api.w.org\/{rel}","templated":true}]}}