{"id":30380,"date":"2017-08-09T19:38:06","date_gmt":"2017-08-10T00:38:06","guid":{"rendered":"http:\/\/contraluzcucuta.co\/?p=30380"},"modified":"2017-08-09T19:38:06","modified_gmt":"2017-08-10T00:38:06","slug":"moda-y-belleza-senorita-colombia-alista-maletas-para-visitar-cucuta","status":"publish","type":"post","link":"https:\/\/contraluzcucuta.co\/?p=30380","title":{"rendered":"\u2018MODA Y BELLEZA\u2019. Se\u00f1orita Colombia alista maletas para visitar a C\u00facuta \u00a0"},"content":{"rendered":"<p><strong>C\u00daCUTA.-<\/strong> Laura Gonz\u00e1lez Ospina, Se\u00f1orita Colombia, y las dem\u00e1s reinas del Concurso Nacional de Belleza, estar\u00e1n en C\u00facuta en 48 horas. Las beldades participar\u00e1n en \u2018Moda y Belleza con un Prop\u00f3sito 2017\u2019, el 11 de agosto. En esta ocasi\u00f3n 24 fundaciones del departamento ser\u00e1n las beneficiadas con los recaudos.<\/p>\n<p>La cita con las mujeres m\u00e1s bellas del pa\u00eds ser\u00e1 a partir de las 7:00 de la noche. Tambi\u00e9n, estar\u00e1n en escena los artistas Iv\u00e1n L\u00f3pez y Milena L\u00f3pez, como presentadores de la gala. La cuota musical correr\u00e1 por cuenta del cucute\u00f1o Paul \u00c1lvarez y los cantantes Ma\u00eda y Mike Bah\u00eda.<\/p>\n<p>La gestora de Norte de Santander, Cecilia Soler, record\u00f3 que las boletas est\u00e1n a la venta para apoyar la noble causa. Los recursos se destinar\u00e1n para favorecer ni\u00f1os, adolescentes, j\u00f3venes y adultos mayores vulnerables.<\/p>\n<p>El 80 por ciento del dinero que se recoja se repartir\u00e1 entre las Fundaciones. El 20 por ciento restante, se dividir\u00e1 en partes iguales para apoyar a la Se\u00f1orita Norte de Santander que vaya a Cartagena, y para cubrir los gastos log\u00edsticos del acto.<\/p>\n<p>Las actividades previstas para las reinas son las siguientes:<\/p>\n<p>1.- Rueda de prensa en la Gobernaci\u00f3n.<\/p>\n<p>2.- A las 11:00 de la ma\u00f1ana, compartir\u00e1n con los pacientes del ala de pediatr\u00eda del tercer piso del Hospital Erasmo Meoz, quienes visitan diariamente el sal\u00f3n L\u00fadico Sensorial \u2018Pintando Sonrisas\u2019, que adecu\u00f3 la Gobernaci\u00f3n de Norte de Santander para contribuir a la r\u00e1pida recuperaci\u00f3n de los ni\u00f1os y ni\u00f1as.<\/p>\n<p>3.- Visita al Hogar Santa Rosa de Lima y compartir\u00e1n el almuerzo con los voluntarios de la instituci\u00f3n que ofrece permanencia educativa a cientos de ni\u00f1os y ni\u00f1as pobres de la regi\u00f3n.<\/p>\n<p>4.- A las 7:00 de la noche, desfile. <\/p>\n","protected":false},"excerpt":{"rendered":"<p>C\u00daCUTA.- Laura Gonz\u00e1lez Ospina, Se\u00f1orita Colombia, y las dem\u00e1s reinas del Concurso Nacional de Belleza, estar\u00e1n en C\u00facuta en 48 horas. Las beldades participar\u00e1n en \u2018Moda y Belleza con un Prop\u00f3sito 2017\u2019, el 11 de agosto. En esta ocasi\u00f3n 24 fundaciones del departamento ser\u00e1n las beneficiadas con los recaudos. La cita con las mujeres m\u00e1s &hellip;<\/p>\n","protected":false},"author":1,"featured_media":30381,"comment_status":"open","ping_status":"open","sticky":false,"template":"","format":"standard","meta":{"footnotes":""},"categories":[45,4],"tags":[2715,2958,3000],"class_list":["post-30380","post","type-post","status-publish","format-standard","has-post-thumbnail","hentry","category-destacado","category-barra","tag-gestora-social-cecilia-soler","tag-moda-y-belleza-con-un-proposito","tag-senorita-colombia"],"_links":{"self":[{"href":"https:\/\/contraluzcucuta.co\/index.php?rest_route=\/wp\/v2\/posts\/30380","targetHints":{"allow":["GET"]}}],"collection":[{"href":"https:\/\/contraluzcucuta.co\/index.php?rest_route=\/wp\/v2\/posts"}],"about":[{"href":"https:\/\/contraluzcucuta.co\/index.php?rest_route=\/wp\/v2\/types\/post"}],"author":[{"embeddable":true,"href":"https:\/\/contraluzcucuta.co\/index.php?rest_route=\/wp\/v2\/users\/1"}],"replies":[{"embeddable":true,"href":"https:\/\/contraluzcucuta.co\/index.php?rest_route=%2Fwp%2Fv2%2Fcomments&post=30380"}],"version-history":[{"count":1,"href":"https:\/\/contraluzcucuta.co\/index.php?rest_route=\/wp\/v2\/posts\/30380\/revisions"}],"predecessor-version":[{"id":30382,"href":"https:\/\/contraluzcucuta.co\/index.php?rest_route=\/wp\/v2\/posts\/30380\/revisions\/30382"}],"wp:featuredmedia":[{"embeddable":true,"href":"https:\/\/contraluzcucuta.co\/index.php?rest_route=\/wp\/v2\/media\/30381"}],"wp:attachment":[{"href":"https:\/\/contraluzcucuta.co\/index.php?rest_route=%2Fwp%2Fv2%2Fmedia&parent=30380"}],"wp:term":[{"taxonomy":"category","embeddable":true,"href":"https:\/\/contraluzcucuta.co\/index.php?rest_route=%2Fwp%2Fv2%2Fcategories&post=30380"},{"taxonomy":"post_tag","embeddable":true,"href":"https:\/\/contraluzcucuta.co\/index.php?rest_route=%2Fwp%2Fv2%2Ftags&post=30380"}],"curies":[{"name":"wp","href":"https:\/\/api.w.org\/{rel}","templated":true}]}}