{"id":30377,"date":"2017-08-09T19:14:38","date_gmt":"2017-08-10T00:14:38","guid":{"rendered":"http:\/\/contraluzcucuta.co\/?p=30377"},"modified":"2017-08-09T19:14:38","modified_gmt":"2017-08-10T00:14:38","slug":"opinion-una-gestion-admirable","status":"publish","type":"post","link":"https:\/\/contraluzcucuta.co\/?p=30377","title":{"rendered":"OPINI\u00d3N. Una gesti\u00f3n admirable"},"content":{"rendered":"<p style=\"padding-left: 30px;\">Los colombianos de todas las edades, los g\u00e9neros y las etnias tenemos una deuda con el profesor universitario, fil\u00f3sofo&nbsp; y fil\u00f3logo, Sergio Jaramillo Caro, ex Alto Comisionado de Paz,&nbsp; quien despu\u00e9s de una gesti\u00f3n impecable y admirable en beneficio de la paz y la reconciliaci\u00f3n colombianas al firmar los&nbsp; acuerdos que pusieron fin al conflicto armado de m\u00e1s de 70 a\u00f1os con las Farc-Ep, acaba de renunciar al cargo &nbsp;para asumir complejas tareas diplom\u00e1ticas de Colombia en Europa.<\/p>\n<p>Perteneciente&nbsp; a un \u00e1rbol geneal\u00f3gico que hunde sus ra\u00edces en la antigua provincia de Oca\u00f1a, es tataranieto del ilustre poeta y fil\u00f3sofo oca\u00f1ero Jos\u00e9 Eusebio Caro, y del expresidente conservador Miguel Antonio Caro, y descendiente del patricio liberal y pedagogo Luis Eduardo Nieto Caballero. Posee una excelente formaci\u00f3n acad\u00e9mica lograda mediante el estudio de la filosof\u00eda en la Universidad de Toronto (Canad\u00e1),&nbsp; maestr\u00eda en la Universidad de Cambridge y filolog\u00eda en la Universidad de Oxford. Candidato a Doctor en Griego de la Universidad de Heidelberg, en Alemania. Domina espa\u00f1ol, ingl\u00e9s, alem\u00e1n y&nbsp; franc\u00e9s. Posee&nbsp; amplio conocimiento del italiano y del ruso. Director ejecutivo de la fundaci\u00f3n Ideas para la Paz, que la convirti\u00f3 en verdadero &nbsp;tanque de pensamiento. De all\u00ed naci\u00f3 la excelente publicaci\u00f3n \u2018Siguiendo el conflicto\u2019, en la que mostr\u00f3 consistencia en estas complejas y dif\u00edciles tem\u00e1ticas. Fue Viceministro para los&nbsp; Derechos Humanos y Asuntos Internacionales del Ministerio de Defensa y profesor investigador de la facultad de Administraci\u00f3n de la Universidad de Los Andes,&nbsp; de Bogot\u00e1.<\/p>\n<p>Con esta sin igual formaci\u00f3n, el presidente Santos lo &nbsp;nombr\u00f3 Comisionado de Paz, que&nbsp; en la pr\u00e1ctica no es otra cosa que una designaci\u00f3n&nbsp; como compa\u00f1ero de Humberto de la Calle en la suprema conducci\u00f3n de los di\u00e1logos de Paz de La Habana (Cuba), &nbsp;en el 2010, conform\u00e1ndose la cabeza del equipo de gobierno encargada de asumir y orientar &nbsp;los acercamientos y la fase exploratoria con las guerrillas de las Farc-Ep.<\/p>\n<p>Desde el primer momento en que se empezaron a conocer las premisas b\u00e1sicas que se convert\u00edan en principios, sobre las cuales iniciaban la traves\u00eda de ese inmenso oc\u00e9ano que era la construcci\u00f3n de un proceso de paz con la guerrilla m\u00e1s antigua en Colombia, las Farc- Ep, muchos sentimos que hab\u00eda detr\u00e1s un profundo conocimiento filos\u00f3fico, hist\u00f3rico y t\u00e9cnico de lo que es&nbsp; un proceso de negociaci\u00f3n, &nbsp;trasformaci\u00f3n y&nbsp; cambio en los conflictos generados por la lucha de clases, hoy denominadas luchas sociales. No era para menos, estaba a disposici\u00f3n de ese gran proceso el inmenso legado de conocimientos del descrito Comisionado de Paz, Sergio Jaramillo Caro.<\/p>\n<p>La primera premisa&nbsp; destinada a conducir a un puerto seguro fue aquella que reza: \u201cNada est\u00e1 acordado, hasta que todo est\u00e9 acordado\u201d. Solo pudo haber sido construida con un profundo conocimiento sobre las causas de \u00e9xitos y fracasos de las negociaciones sindicales, los procesos de paz en Colombia y los procesos de paz en distintos pa\u00edses. Hab\u00eda algo profundo que se hab\u00eda comprendido, pod\u00edan empezar a construir acuerdos sin el&nbsp; miedo que inmoviliza&nbsp; y, en cambio s\u00ed, con la perspectiva de la coherencia que demanda la construcci\u00f3n de un proyecto de pa\u00eds amarrando&nbsp; todos los puntos acordados. Esta premisa daba la posibilidad de construir, crear, ir y venir, &nbsp;amarrar y desamarrar &nbsp;lo acordado.<\/p>\n<p>La otra premisa que denota profundo conocimiento y grandeza de coraz\u00f3n de quien o quienes construyeron la estrategia de construcci\u00f3n de la paz fue: \u201cAsumir la negociaci\u00f3n como un proceso pedag\u00f3gico\u201d. El equipo del Gobierno lleg\u00f3 con mente abierta, lo que le permiti\u00f3 creer que pod\u00eda aprender de la contraparte, validarlo como maestro, reconocer la autoridad en lo que sabe. Esta actitud repercuti\u00f3 directamente en la confianza y apertura mental del grupo negociador de la guerrilla, asumiendo tambi\u00e9n una actitud de disposici\u00f3n y asimilaci\u00f3n sobre que era posible aprender y comprender de los grupos t\u00e9cnicos del Estado colombiano, viendo poco a poco, y de manera &nbsp;sutil, pero real y certera,&nbsp; la formaci\u00f3n de cada integrante de las Farc en la mesa de negociaci\u00f3n.<\/p>\n<p>\u201cNegociar en conflicto\u201d, fue otra de las premisas claras, sin ceder ante &nbsp;esperanzas inciertas, sin dejarse provocar por acciones de fuerza ejecutadas por la guerrilla, sin afanes para recoger r\u00e9ditos pol\u00edticos y sin miedo a jugarse los ahorros pol\u00edticos de los que dispon\u00edan Gobierno y negociadores.<\/p>\n<p>\u201cLa reciprocidad\u201d, estrategia clara dentro del proceso. En el momento en que vieron acciones de buena voluntad de parte de la guerrilla, no vacilaron en&nbsp; efectuar acciones que daban respuesta con&nbsp; gestos&nbsp; correspondientes a los beneficios recibidos, permiti\u00e9ndonos ver la cristalizaci\u00f3n de acciones mutuas que consolidaron el proceso.<\/p>\n<p>Detr\u00e1s del dise\u00f1o estrat\u00e9gico, siempre sent\u00ed la presencia y los aportes del Comisionado de Paz, Sergio Jaramillo, con su formaci\u00f3n, sensibilidad y reflexiones d\u00e1ndole luces al proceso de paz. Hoy, se retira del cargo para ir a cumplir complejas tareas en el mundo diplom\u00e1tico.&nbsp;&nbsp;&nbsp;<\/p>\n<p>Con estos admirables resultados podemos decir que contamos con una gran reserva acad\u00e9mica para asumir y sortear las dificultades que conlleva el largo proceso de la construcci\u00f3n de nuestra nacionalidad. En esto el presidente Santos ha demostrado una acertada conducci\u00f3n y direcci\u00f3n cuando ha llamado a j\u00f3venes educados en muy buenas universidades a que le ayuden a Colombia a encontrar los&nbsp; m\u00e1s&nbsp; claros y mejores caminos, para superar viejas interpretaciones sociales que tanto&nbsp; han bloqueado nuestro verdadero desarrollo humano y tecnol\u00f3gico.<\/p>\n<p>Por todo esto, queremos decirle al profesor Sergio Jaramillo Caro, muchas gracias por cumplir esta gesti\u00f3n admirable por la paz y la trasformaci\u00f3n estrat\u00e9gica de Colombia. Las generaciones futuras dimensionar\u00e1n el valor supremo de los esfuerzos.<\/p>\n<p><strong>ALONSO OJEDA AWAD<\/strong><\/p>\n<p><strong>Vicepresidente del Comit\u00e9 Permanente de Defensa de los Derechos Humanos.<\/strong> <\/p>\n","protected":false},"excerpt":{"rendered":"<p>Los colombianos de todas las edades, los g\u00e9neros y las etnias tenemos una deuda con el profesor universitario, fil\u00f3sofo&nbsp; y fil\u00f3logo, Sergio Jaramillo Caro, ex Alto Comisionado de Paz,&nbsp; quien despu\u00e9s de una gesti\u00f3n impecable y admirable en beneficio de la paz y la reconciliaci\u00f3n colombianas al firmar los&nbsp; acuerdos que pusieron fin al conflicto &hellip;<\/p>\n","protected":false},"author":1,"featured_media":30378,"comment_status":"open","ping_status":"open","sticky":false,"template":"","format":"standard","meta":{"footnotes":""},"categories":[14,4],"tags":[1004,2749,3746,3745,3747],"class_list":["post-30377","post","type-post","status-publish","format-standard","has-post-thumbnail","hentry","category-articulistas","category-barra","tag-alonso-ojeda-awad","tag-articulistas-contraluz","tag-comisionado-de-paz","tag-opinion-en-contraluz","tag-sergio-jaramillo-caro"],"_links":{"self":[{"href":"https:\/\/contraluzcucuta.co\/index.php?rest_route=\/wp\/v2\/posts\/30377","targetHints":{"allow":["GET"]}}],"collection":[{"href":"https:\/\/contraluzcucuta.co\/index.php?rest_route=\/wp\/v2\/posts"}],"about":[{"href":"https:\/\/contraluzcucuta.co\/index.php?rest_route=\/wp\/v2\/types\/post"}],"author":[{"embeddable":true,"href":"https:\/\/contraluzcucuta.co\/index.php?rest_route=\/wp\/v2\/users\/1"}],"replies":[{"embeddable":true,"href":"https:\/\/contraluzcucuta.co\/index.php?rest_route=%2Fwp%2Fv2%2Fcomments&post=30377"}],"version-history":[{"count":1,"href":"https:\/\/contraluzcucuta.co\/index.php?rest_route=\/wp\/v2\/posts\/30377\/revisions"}],"predecessor-version":[{"id":30379,"href":"https:\/\/contraluzcucuta.co\/index.php?rest_route=\/wp\/v2\/posts\/30377\/revisions\/30379"}],"wp:featuredmedia":[{"embeddable":true,"href":"https:\/\/contraluzcucuta.co\/index.php?rest_route=\/wp\/v2\/media\/30378"}],"wp:attachment":[{"href":"https:\/\/contraluzcucuta.co\/index.php?rest_route=%2Fwp%2Fv2%2Fmedia&parent=30377"}],"wp:term":[{"taxonomy":"category","embeddable":true,"href":"https:\/\/contraluzcucuta.co\/index.php?rest_route=%2Fwp%2Fv2%2Fcategories&post=30377"},{"taxonomy":"post_tag","embeddable":true,"href":"https:\/\/contraluzcucuta.co\/index.php?rest_route=%2Fwp%2Fv2%2Ftags&post=30377"}],"curies":[{"name":"wp","href":"https:\/\/api.w.org\/{rel}","templated":true}]}}