{"id":30367,"date":"2017-08-07T21:33:35","date_gmt":"2017-08-08T02:33:35","guid":{"rendered":"http:\/\/contraluzcucuta.co\/?p=30367"},"modified":"2017-08-07T21:33:35","modified_gmt":"2017-08-08T02:33:35","slug":"cano-indio-la-alegria-llego-de-la-mano-de-la-policia","status":"publish","type":"post","link":"https:\/\/contraluzcucuta.co\/?p=30367","title":{"rendered":"CA\u00d1O INDIO. La alegr\u00eda lleg\u00f3 de la mano de la polic\u00eda"},"content":{"rendered":"<p><strong>CA\u00d1O INDIO \u2013 Tib\u00fa.-<\/strong> En respuesta al trabajo comunitario y de constante interacci\u00f3n, el Departamento de Polic\u00eda Norte de Santander llev\u00f3 una ma\u00f1ana de alegr\u00eda a m\u00e1s de 30 ni\u00f1os de la vereda Ca\u00f1o Indio, jurisdicci\u00f3n de Tib\u00fa.<\/p>\n<p>La actividad fue liderada por el Grupo de Prevenci\u00f3n y Educaci\u00f3n Ciudadana, en compa\u00f1\u00eda de la docente Nelsy Jim\u00e9nez, del Centro Educativo la Serpentina.<\/p>\n<p>Los agentes y la educadora organizaron y dise\u00f1aron la jornada especial cargada de juegos, l\u00fadica y recreaci\u00f3n para los chiquitines de esa zona, epicentro departamental de profundos cambios sociales que se gestan en el proceso de paz.<\/p>\n<p>Los infantes tuvieron la oportunidad de aprender de la mano de la Polic\u00eda el arte de la globoflexia y crear figuras cargadas de colores. Tambi\u00e9n, disfrutaron con la bailoterapia al ritmo de los artistas del momento. En medio de las risas y las actividades de coordinaci\u00f3n sintieron una polic\u00eda amiga comprometida con la convivencia.<\/p>\n<p>Terminada la jornada se dio el espacio ideal para contar an\u00e9cdotas, compartir el refrigerio y recibir instrucciones del personal de Coldeportes, sobre la importancia de buscar talentos para el futbol y el atletismo, entre otras disciplinas.<\/p>\n<p>El Departamento de Polic\u00eda Norte de Santander agradeci\u00f3 a la comunidad de Ca\u00f1o Indio por la colaboraci\u00f3n prestada para el ejercicio y anunci\u00f3 que seguir\u00e1 en la b\u00fasqueda constante de espacios pedag\u00f3gicos para la construcci\u00f3n de pilares s\u00f3lidos en convivencia y trabajo comunitario.<\/p>\n<p>&nbsp; <\/p>\n","protected":false},"excerpt":{"rendered":"<p>CA\u00d1O INDIO \u2013 Tib\u00fa.- En respuesta al trabajo comunitario y de constante interacci\u00f3n, el Departamento de Polic\u00eda Norte de Santander llev\u00f3 una ma\u00f1ana de alegr\u00eda a m\u00e1s de 30 ni\u00f1os de la vereda Ca\u00f1o Indio, jurisdicci\u00f3n de Tib\u00fa. La actividad fue liderada por el Grupo de Prevenci\u00f3n y Educaci\u00f3n Ciudadana, en compa\u00f1\u00eda de la docente &hellip;<\/p>\n","protected":false},"author":1,"featured_media":30368,"comment_status":"open","ping_status":"open","sticky":false,"template":"","format":"standard","meta":{"footnotes":""},"categories":[11,4],"tags":[3134,3070],"class_list":["post-30367","post","type-post","status-publish","format-standard","has-post-thumbnail","hentry","category-cronica-roja","category-barra","tag-cano-indio-tibu","tag-denor-coest"],"_links":{"self":[{"href":"https:\/\/contraluzcucuta.co\/index.php?rest_route=\/wp\/v2\/posts\/30367","targetHints":{"allow":["GET"]}}],"collection":[{"href":"https:\/\/contraluzcucuta.co\/index.php?rest_route=\/wp\/v2\/posts"}],"about":[{"href":"https:\/\/contraluzcucuta.co\/index.php?rest_route=\/wp\/v2\/types\/post"}],"author":[{"embeddable":true,"href":"https:\/\/contraluzcucuta.co\/index.php?rest_route=\/wp\/v2\/users\/1"}],"replies":[{"embeddable":true,"href":"https:\/\/contraluzcucuta.co\/index.php?rest_route=%2Fwp%2Fv2%2Fcomments&post=30367"}],"version-history":[{"count":1,"href":"https:\/\/contraluzcucuta.co\/index.php?rest_route=\/wp\/v2\/posts\/30367\/revisions"}],"predecessor-version":[{"id":30369,"href":"https:\/\/contraluzcucuta.co\/index.php?rest_route=\/wp\/v2\/posts\/30367\/revisions\/30369"}],"wp:featuredmedia":[{"embeddable":true,"href":"https:\/\/contraluzcucuta.co\/index.php?rest_route=\/wp\/v2\/media\/30368"}],"wp:attachment":[{"href":"https:\/\/contraluzcucuta.co\/index.php?rest_route=%2Fwp%2Fv2%2Fmedia&parent=30367"}],"wp:term":[{"taxonomy":"category","embeddable":true,"href":"https:\/\/contraluzcucuta.co\/index.php?rest_route=%2Fwp%2Fv2%2Fcategories&post=30367"},{"taxonomy":"post_tag","embeddable":true,"href":"https:\/\/contraluzcucuta.co\/index.php?rest_route=%2Fwp%2Fv2%2Ftags&post=30367"}],"curies":[{"name":"wp","href":"https:\/\/api.w.org\/{rel}","templated":true}]}}