{"id":30364,"date":"2017-08-07T20:54:43","date_gmt":"2017-08-08T01:54:43","guid":{"rendered":"http:\/\/contraluzcucuta.co\/?p=30364"},"modified":"2017-08-07T20:54:43","modified_gmt":"2017-08-08T01:54:43","slug":"consejeros-territoriales-regiones-deben-trabajar-en-beneficio-de-las-comunidades","status":"publish","type":"post","link":"https:\/\/contraluzcucuta.co\/?p=30364","title":{"rendered":"CONSEJEROS TERRITORIALES. Regiones deben trabajar en beneficio de las comunidades"},"content":{"rendered":"<p><strong>C\u00daCUTA.-<\/strong> Delegados de Norte de Santander, Santander, Boyac\u00e1 y Cundinamarca participaron en el III Foro Regional Centro Oriente de Consejeros Territoriales de Planeaci\u00f3n (CTP). Las jornadas se adelantaron en la Biblioteca P\u00fablica Julio P\u00e9rez Ferrero, convirti\u00e9ndose en escenario para aportar acciones que contribuyan con el desarrollo del pa\u00eds.<\/p>\n<p>La capital del departamento fue sede del espacio organizado por el Consejo Nacional de Planeaci\u00f3n (CNP) y el Sistema Nacional de Planeaci\u00f3n (SNP), para integrar a las regiones que trabajen en propuestas o proyectos que beneficien a las comunidades.<\/p>\n<p>El objetivo es generar espacios de participaci\u00f3n, para hacer seguimiento a los planes Nacional y Departamental de Desarrollo. Adem\u00e1s,&nbsp; para que entidades, agremiaciones y comunidades que tienen dificultad para ser escuchados, puedan expresarse mediante los CTP.<\/p>\n<p>Los aportes de cada departamento son fundamentales para que los candidatos a la presidencia, tomen y apliquen las consideraciones en los planes de Gobierno, a partir de las necesidades que se reflejan desde cada sector del pa\u00eds. As\u00ed, podr\u00e1n emplearse presupuestos que nazcan desde la participaci\u00f3n, generen equilibrio y sean incluyentes.<\/p>\n<p>Otro prop\u00f3sito del foro fue buscar la manera adecuada para mejorar la relaci\u00f3n entre el Estado y la ciudadan\u00eda, teniendo en cuenta que la uni\u00f3n podr\u00eda generar mayores oportunidades de crecimiento y desarrollo para el pa\u00eds.<\/p>\n<p>\u201cQueremos apostarle a una forma de concebir el desarrollo del territorio colombiano, a trav\u00e9s de la decisi\u00f3n aut\u00f3noma de las regiones para la planificaci\u00f3n\u201d, dijo Fredy Vega Fern\u00e1ndez, presidente del Consejo Nacional de Planeaci\u00f3n.<\/p>\n<p>Agreg\u00f3 que el pa\u00eds no puede seguir planificando de manera est\u00e1ndar, pues hay que generar una pol\u00edtica que permita hacerlo conforme a las condiciones culturales y de la relaci\u00f3n hist\u00f3rica de los departamento entre s\u00ed.<\/p>\n<p>&nbsp;<\/p>\n<p>&nbsp; <\/p>\n","protected":false},"excerpt":{"rendered":"<p>C\u00daCUTA.- Delegados de Norte de Santander, Santander, Boyac\u00e1 y Cundinamarca participaron en el III Foro Regional Centro Oriente de Consejeros Territoriales de Planeaci\u00f3n (CTP). Las jornadas se adelantaron en la Biblioteca P\u00fablica Julio P\u00e9rez Ferrero, convirti\u00e9ndose en escenario para aportar acciones que contribuyan con el desarrollo del pa\u00eds. La capital del departamento fue sede del &hellip;<\/p>\n","protected":false},"author":1,"featured_media":30365,"comment_status":"open","ping_status":"open","sticky":false,"template":"","format":"standard","meta":{"footnotes":""},"categories":[4,32],"tags":[379],"class_list":["post-30364","post","type-post","status-publish","format-standard","has-post-thumbnail","hentry","category-barra","category-recorrido-por-la-region","tag-gobernacion-de-norte-de-santander"],"_links":{"self":[{"href":"https:\/\/contraluzcucuta.co\/index.php?rest_route=\/wp\/v2\/posts\/30364","targetHints":{"allow":["GET"]}}],"collection":[{"href":"https:\/\/contraluzcucuta.co\/index.php?rest_route=\/wp\/v2\/posts"}],"about":[{"href":"https:\/\/contraluzcucuta.co\/index.php?rest_route=\/wp\/v2\/types\/post"}],"author":[{"embeddable":true,"href":"https:\/\/contraluzcucuta.co\/index.php?rest_route=\/wp\/v2\/users\/1"}],"replies":[{"embeddable":true,"href":"https:\/\/contraluzcucuta.co\/index.php?rest_route=%2Fwp%2Fv2%2Fcomments&post=30364"}],"version-history":[{"count":1,"href":"https:\/\/contraluzcucuta.co\/index.php?rest_route=\/wp\/v2\/posts\/30364\/revisions"}],"predecessor-version":[{"id":30366,"href":"https:\/\/contraluzcucuta.co\/index.php?rest_route=\/wp\/v2\/posts\/30364\/revisions\/30366"}],"wp:featuredmedia":[{"embeddable":true,"href":"https:\/\/contraluzcucuta.co\/index.php?rest_route=\/wp\/v2\/media\/30365"}],"wp:attachment":[{"href":"https:\/\/contraluzcucuta.co\/index.php?rest_route=%2Fwp%2Fv2%2Fmedia&parent=30364"}],"wp:term":[{"taxonomy":"category","embeddable":true,"href":"https:\/\/contraluzcucuta.co\/index.php?rest_route=%2Fwp%2Fv2%2Fcategories&post=30364"},{"taxonomy":"post_tag","embeddable":true,"href":"https:\/\/contraluzcucuta.co\/index.php?rest_route=%2Fwp%2Fv2%2Ftags&post=30364"}],"curies":[{"name":"wp","href":"https:\/\/api.w.org\/{rel}","templated":true}]}}