{"id":30350,"date":"2017-08-07T14:50:13","date_gmt":"2017-08-07T19:50:13","guid":{"rendered":"http:\/\/contraluzcucuta.co\/?p=30350"},"modified":"2017-08-07T14:50:13","modified_gmt":"2017-08-07T19:50:13","slug":"charla-con-gonzalo-jimenez-de-quesada-conquistador-y-cronista-espanol","status":"publish","type":"post","link":"https:\/\/contraluzcucuta.co\/?p=30350","title":{"rendered":"CHARLA CON\u2026 Gonzalo Jim\u00e9nez de Quesada, conquistador y cronista espa\u00f1ol."},"content":{"rendered":"<p style=\"padding-left: 30px;\">Gonzalo Jim\u00e9nez de Quesada es conocido en la historia de Colombia como el fundador de Santaf\u00e9 de Bogot\u00e1. Este espa\u00f1ol comand\u00f3 la expedici\u00f3n que conquist\u00f3 las tierras de los muiscas. Esta traves\u00eda, entre 1536 y 1537, estableci\u00f3 el dominio sobre el interior del pa\u00eds y consagr\u00f3 al r\u00edo Grande de la Magdalena como la principal v\u00eda de comunicaci\u00f3n entre la costa Atl\u00e1ntica y las regiones monta\u00f1osas centrales.<\/p>\n<p><strong>\u00bfNombre?<\/strong><\/p>\n<p>Gonzalo Jim\u00e9nez de Quesada<\/p>\n<p><strong>\u00bfD\u00f3nde naci\u00f3?<\/strong><\/p>\n<p>No hay certeza de que fuera en Granada donde nac\u00ed, ni de que trascurriera en 1509, aunque los historiadores dan por buenos ambos datos a falta de otros documentos que los contradigan.<\/p>\n<p><strong>\u00bfProfesi\u00f3n?<\/strong><\/p>\n<p>Conquistador y cronista espa\u00f1ol.<\/p>\n<p><strong>\u00bfM\u00e1xima obra?<\/strong><\/p>\n<p>Descubridor del reino de Nueva Granada (actual Colombia) y fundador de la capital Santa Fe de Bogot\u00e1.<\/p>\n<p><strong>\u00bfEstuvo en Italia?<\/strong><\/p>\n<p>S\u00ed, se\u00f1or. Como soldado hasta 1530. Ese a\u00f1o regres\u00e9 a Espa\u00f1a y comenc\u00e9 la carrera jur\u00eddica en Granada.<\/p>\n<p><strong>\u00bfC\u00f3mo entr\u00f3 a la Real Canciller\u00eda de Granada?<\/strong><\/p>\n<p>Terminados mis estudios con gran brillantez, con el t\u00edtulo de licenciado y mi fama de combatiente veterano me abrieron las puertas. Ah\u00ed, ocup\u00e9 un puesto de letrado que acab\u00f3 catapult\u00e1ndome al otro lado del oc\u00e9ano.<\/p>\n<p><strong>\u00bfQui\u00e9n lo trajo a la Nueva Granada?<\/strong><\/p>\n<p>Pedro Fern\u00e1ndez de Lugo para el cargo de justicia mayor y teniente general de la expedici\u00f3n.<\/p>\n<p><strong>\u00bfCu\u00e1ndo comenz\u00f3 la aventura?<\/strong><\/p>\n<p>La traves\u00eda fue emprendida de inmediato y en 1536 me encontraba en el Nuevo Mundo.<\/p>\n<p><strong>\u00bfCu\u00e1l fue la misi\u00f3n encomendada por Fern\u00e1ndez de Lugo?<\/strong><\/p>\n<p>Todas las intentonas de llegar al interior del continente hab\u00edan fracasado debido a las dificultades que supon\u00eda adentrarse en las abruptas selvas y sortear los impetuosos r\u00edos que las surcaban. Esa fue la misi\u00f3n que, poco despu\u00e9s de mi llegada, me encomendaron.<\/p>\n<p><strong>\u00bfC\u00f3mo fue el recorrido?<\/strong><\/p>\n<p>Remont\u00e9 el r\u00edo Magdalena, explor\u00e9 los valles de su curso medio y en 1537 alcanc\u00e9 las llanuras de la meseta de Cundinamarca, situada en el centro de Colombia. Afrontamos plagas tropicales, legiones de mosquitos y ataques de ind\u00edgenas provistos de flechas envenenadas. Y superamos la barrera geogr\u00e1fica hasta entonces infranqueable, la formada por la cadena de los Andes septentrionales.<\/p>\n<p><strong>\u00bfQu\u00e9 encontr\u00f3?<\/strong><\/p>\n<p>En el altiplano de Cundinamarca encontr\u00e9 la civilizaci\u00f3n artesana y agr\u00edcola de los chibchas o muiscas, a los que sometimos sin derramamiento de sangre, sirvi\u00e9ndome m\u00e1s de la raz\u00f3n que de la espada.<\/p>\n<p><strong>\u00bfQu\u00e9 facilit\u00f3 la conquista?<\/strong><\/p>\n<p>La cruz era un signo sagrado para los nativos, que, como en otros sitios, nos consideraron hijos del Sol, dios al que veneraban.<\/p>\n<p><strong>Y lleg\u00f3 el momento cumbre de la expedici\u00f3n\u2026<\/strong><\/p>\n<p>S\u00ed. El 5 de agosto de 1538, fund\u00e9 la ciudad de Santa Fe de Bogot\u00e1, que hab\u00eda de convertirse en la capital del reino de Nueva Granada.<\/p>\n<p><strong>\u00bfPor qu\u00e9 no lo nombraron Gobernador?<\/strong><\/p>\n<p>A comienzos de 1539 llegaron a Bogot\u00e1 Sebasti\u00e1n de Belalc\u00e1zar, procedente de Per\u00fa, y el alem\u00e1n Nicol\u00e1s Federmann, de Venezuela. Los tres estuvimos a punto de entablar una guerra, pero al fin determinamos regresar juntos a Espa\u00f1a para que el monarca decidiera a qui\u00e9n correspond\u00eda la gobernaci\u00f3n de Nueva Granada. El Consejo de Indias resolvi\u00f3 no otorgar a ninguno el ansiado t\u00edtulo.<\/p>\n<p><strong>Pero a usted le reconocieron la gesta conquistadora\u2026<\/strong><\/p>\n<p>S\u00ed, claro. En mayo de 1547, ocho a\u00f1os despu\u00e9s de mi regreso, me nombraron Mariscal del reino de Nueva Granada.<\/p>\n<p><strong>\u00bfY las nuevas expediciones cu\u00e1ndo las emprendi\u00f3?<\/strong><\/p>\n<p>Regres\u00e9 a Santa Fe de Bogot\u00e1 en 1550 y emprend\u00ed la expedici\u00f3n por la regi\u00f3n de los Llanos orientales en busca de los tesoros de El Dorado. Fue un fracaso. Las riberas del impetuoso Orinoco fueron superiores a mis menguadas fuerzas.<\/p>\n<p><strong>\u00bfQu\u00e9 hizo entonces?<\/strong><\/p>\n<p>Viejo, enfermo y arruinado, me retir\u00e9 en Suesca.<\/p>\n<p><strong>\u00bfC\u00f3mo pas\u00f3 los \u00faltimos d\u00edas?<\/strong><\/p>\n<p>Me dediqu\u00e9 a escribir una serie de obras de las cuales se ha perdido la mayor parte. No se conserva ni la Relaci\u00f3n de la conquista del Nuevo Reino de Granada, ni el libro Ratos de Suesca, ni el Compendio historial de las conquistas del Nuevo Reino.<\/p>\n<p><strong>\u00bfNo se salv\u00f3 ninguno?<\/strong><\/p>\n<p>S\u00ed, Antijovio, texto en el que narro los acontecimientos principales ocurridos en Europa en la primera mitad del siglo que me toc\u00f3 vivir.<\/p>\n<p><strong>\u00bfCu\u00e1l fue su \u00faltima haza\u00f1a?<\/strong><\/p>\n<p>Resistir durante cuatro largos a\u00f1os a un enemigo invencible: la lepra. Esa terrible enfermedad acab\u00f3 con mi vida En Mariquita (Colombia), en 1579, d\u00edas despu\u00e9s de dictar mi testamento y poner en orden los numerosos papeles que hab\u00edan brotado de mi pluma.<\/p>\n<p><strong>\u00bfDe d\u00f3nde sale el apodo de \u2018Adelantado\u2019?<\/strong><\/p>\n<p>Mis hombres me rindieron honores de adelantado, pues consideraron que yo, y solo yo, hab\u00eda descubierto y conquistado las tierras de Nueva Granada.<\/p>\n<p><strong>Adaptaci\u00f3n del art\u00edculo publicado en<\/strong><\/p>\n<p><strong><a href=\"https:\/\/www.biografiasyvidas.com\/biografia\/j\/jimenez.htm\">https:\/\/www.biografiasyvidas.com\/biografia\/j\/jimenez.htm<\/a><\/strong><\/p>\n<p><strong>RAFAEL ANTONIO PAB\u00d3N<\/strong><\/p>\n<p><strong><a href=\"mailto:rafaelpabon58@hotmail.com\">rafaelpabon58@hotmail.com<\/a><\/strong><\/p>\n<p><strong>&nbsp;<\/strong><\/p>\n<p><strong>&nbsp;<\/strong> <\/p>\n","protected":false},"excerpt":{"rendered":"<p>Gonzalo Jim\u00e9nez de Quesada es conocido en la historia de Colombia como el fundador de Santaf\u00e9 de Bogot\u00e1. Este espa\u00f1ol comand\u00f3 la expedici\u00f3n que conquist\u00f3 las tierras de los muiscas. Esta traves\u00eda, entre 1536 y 1537, estableci\u00f3 el dominio sobre el interior del pa\u00eds y consagr\u00f3 al r\u00edo Grande de la Magdalena como la principal &hellip;<\/p>\n","protected":false},"author":1,"featured_media":30351,"comment_status":"open","ping_status":"open","sticky":false,"template":"","format":"standard","meta":{"footnotes":""},"categories":[51,4],"tags":[834,3740],"class_list":["post-30350","post","type-post","status-publish","format-standard","has-post-thumbnail","hentry","category-charlas-con","category-barra","tag-gonzalo-jimenez-de-quesada","tag-santa-fe-de-bogota"],"_links":{"self":[{"href":"https:\/\/contraluzcucuta.co\/index.php?rest_route=\/wp\/v2\/posts\/30350","targetHints":{"allow":["GET"]}}],"collection":[{"href":"https:\/\/contraluzcucuta.co\/index.php?rest_route=\/wp\/v2\/posts"}],"about":[{"href":"https:\/\/contraluzcucuta.co\/index.php?rest_route=\/wp\/v2\/types\/post"}],"author":[{"embeddable":true,"href":"https:\/\/contraluzcucuta.co\/index.php?rest_route=\/wp\/v2\/users\/1"}],"replies":[{"embeddable":true,"href":"https:\/\/contraluzcucuta.co\/index.php?rest_route=%2Fwp%2Fv2%2Fcomments&post=30350"}],"version-history":[{"count":1,"href":"https:\/\/contraluzcucuta.co\/index.php?rest_route=\/wp\/v2\/posts\/30350\/revisions"}],"predecessor-version":[{"id":30352,"href":"https:\/\/contraluzcucuta.co\/index.php?rest_route=\/wp\/v2\/posts\/30350\/revisions\/30352"}],"wp:featuredmedia":[{"embeddable":true,"href":"https:\/\/contraluzcucuta.co\/index.php?rest_route=\/wp\/v2\/media\/30351"}],"wp:attachment":[{"href":"https:\/\/contraluzcucuta.co\/index.php?rest_route=%2Fwp%2Fv2%2Fmedia&parent=30350"}],"wp:term":[{"taxonomy":"category","embeddable":true,"href":"https:\/\/contraluzcucuta.co\/index.php?rest_route=%2Fwp%2Fv2%2Fcategories&post=30350"},{"taxonomy":"post_tag","embeddable":true,"href":"https:\/\/contraluzcucuta.co\/index.php?rest_route=%2Fwp%2Fv2%2Ftags&post=30350"}],"curies":[{"name":"wp","href":"https:\/\/api.w.org\/{rel}","templated":true}]}}