{"id":30339,"date":"2017-08-05T18:05:44","date_gmt":"2017-08-05T23:05:44","guid":{"rendered":"http:\/\/contraluzcucuta.co\/?p=30339"},"modified":"2017-08-05T18:05:44","modified_gmt":"2017-08-05T23:05:44","slug":"bullenrap-afromusica-en-los-montes-de-maria","status":"publish","type":"post","link":"https:\/\/contraluzcucuta.co\/?p=30339","title":{"rendered":"BULLENRAP. Afrom\u00fasica en los Montes de Mar\u00eda"},"content":{"rendered":"<p style=\"padding-left: 30px;\">\u201cLas mujeres que le declararon la m\u00fasica a la violencia\u201d.<\/p>\n<p><strong>PAMPLONA \u2013 Norte de Santander.-<\/strong> Quienes cuentan la historia dicen que los negros encadenados que escapaban de Cartagena y los ind\u00edgenas nativos de El Carmen de Bol\u00edvar se aliaron para abolir la esclavitud a la que estaban sometidas las comunidades cercanas a las monta\u00f1as. Despu\u00e9s de eliminar el poder de los terratenientes se preguntaron \u201c\u00bfd\u00f3nde estamos?\u201d. Uno de ellos respondi\u00f3, \u201cpor fin estamos en libertad&#8221;. As\u00ed se fund\u00f3 el barrio La libertad de los Montes de Mar\u00eda.<\/p>\n<p>La \u00faltima generaci\u00f3n lleg\u00f3 a tierras nortesantandereanas y trajeron un mensaje que ha perdurado en el aire por siglos. Hoy, buscan darle vida&nbsp; a la resignificaci\u00f3n del territorio esclavizado y despu\u00e9s atormentado por el conflicto armado. Ahora, es el para\u00edso para la comunidad de la Libertad.<\/p>\n<p>La mujer de los Montes de Mar\u00eda es trabajadora, campesina, va a los arroyos a buscar agua, mantiene la estabilidad del hogar y hace muchos a\u00f1os dej\u00f3 atr\u00e1s el cuentico de ser el sexo d\u00e9bil. Aqu\u00ed las verracas&nbsp; son ellas, las que le dijeron \u00a1No m\u00e1s!, a la violencia.<\/p>\n<p>Decidieron dedicarle la m\u00fasica a la guerra. \u201cEl tambor est\u00e1 afinado y la garganta ya me duele, desde el pueblo liberte\u00f1o vengo contando la historia y a trav\u00e9s de mis canciones voy narrando las memorias\u201d. As\u00ed le cantan al mundo la vida de los antepasados y la que han contra\u00eddo<em>, <\/em>Afro-M\u00fasica en los Montes de Mar\u00eda.<\/p>\n<p>Llevan con orgullo las tradiciones que han podido consolidar a lo largo de la historia del sagrado para\u00edso. Una de las m\u00e1s narrativas e importantes son las trenzas, que representan los caminos por donde los afrodescendientes escaparon de sus due\u00f1os en b\u00fasqueda de libertad, adem\u00e1s de sus formas coloridas y alegres de vestir, hablar, bailar y formar el bullerengue.<\/p>\n<p>En el pueblo tienen una estatua de la libertad, aut\u00f3ctona, cerca de la iglesia y lugar de representaci\u00f3n simb\u00f3lica de la comunidad. Donde se re\u00fanen, debaten y tienen la mayor\u00eda de las producciones musicales. Respetan el lugar donde los antepasados proclamaron la emancipaci\u00f3n de la raza.<\/p>\n<p>La inspiraci\u00f3n lleg\u00f3 cuando encontraron en las melod\u00edas maneras de mezclar rap, champeta, tambores, bulla, tradici\u00f3n, investigaci\u00f3n, democracia, cultura y multiculturalidad. As\u00ed crearon el Bullenrap. G\u00e9nero musical en el que tienen la oportunidad de expresarse como ni\u00f1os, j\u00f3venes, adultos y ancianos de los Montes de Mar\u00eda.<\/p>\n<p>\u201cArroz de coco, pescado frito, por las ma\u00f1anas yo lo repito\u201d, tan nutritivos como la identidad de m\u00e1s de 40 j\u00f3venes que desarrollan el proceso educativo en Afro-M\u00fasica. El trabajo consiste en escuchar las historias de los ancianos, sobre el territorio. Despu\u00e9s, las trasforman en letras musicales con vida esc\u00e9nica.<\/p>\n<p>Ahora viajan por Colombia \u2018bullerenguiando\u2019 con buena melod\u00eda, porque as\u00ed se escuchan Los Montes de Mar\u00eda, despu\u00e9s de haber silenciado los ca\u00f1ones y sin violencia, como Mahatma Gandhi. Demostraron que los tambores, suenan m\u00e1s duro que los petardos y que los coros de los ni\u00f1os por las calles son m\u00e1s heroicos que las&nbsp; l\u00e1grimas y los lamentos de los inocentes.<\/p>\n<p>Pero no es todo. Estas mujeres hermosas saben que la educaci\u00f3n y la comunicaci\u00f3n son pilares para una sociedad fuerte y pr\u00f3spera, por eso luchan para estudiar medicina, derecho, odontolog\u00eda y comunicaci\u00f3n social. As\u00ed, mejoran las necesidades b\u00e1sicas insatisfechas por el Gobierno.<\/p>\n<p>Fueron el hazmerre\u00edr y los locos por varios incr\u00e9dulos, en estos momentos son el ejemplo para Colombia y el mundo sobre c\u00f3mo se siente estar identificado con la historia, c\u00f3mo aplicar democracia en la civilizaci\u00f3n y, sobre todo, c\u00f3mo ser felices a pesar de las adversidades vividas.<\/p>\n<p>\u00a1Que vivan los montes de Mar\u00eda y Afro-M\u00fasica!<\/p>\n<p><a href=\"https:\/\/www.youtube.com\/watch?v=qv5a8FuCr4o\">https:\/\/www.youtube.com\/watch?v=qv5a8FuCr4o<\/a>&nbsp;&nbsp; <\/p>\n","protected":false},"excerpt":{"rendered":"<p>\u201cLas mujeres que le declararon la m\u00fasica a la violencia\u201d. PAMPLONA \u2013 Norte de Santander.- Quienes cuentan la historia dicen que los negros encadenados que escapaban de Cartagena y los ind\u00edgenas nativos de El Carmen de Bol\u00edvar se aliaron para abolir la esclavitud a la que estaban sometidas las comunidades cercanas a las monta\u00f1as. Despu\u00e9s &hellip;<\/p>\n","protected":false},"author":1,"featured_media":30340,"comment_status":"open","ping_status":"open","sticky":false,"template":"","format":"standard","meta":{"footnotes":""},"categories":[10,4,36,37],"tags":[3739,330],"class_list":["post-30339","post","type-post","status-publish","format-standard","has-post-thumbnail","hentry","category-cronicas","category-barra","category-la-voz-del-pueblo","category-paseo-cultural","tag-afromusica","tag-montes-de-maria"],"_links":{"self":[{"href":"https:\/\/contraluzcucuta.co\/index.php?rest_route=\/wp\/v2\/posts\/30339","targetHints":{"allow":["GET"]}}],"collection":[{"href":"https:\/\/contraluzcucuta.co\/index.php?rest_route=\/wp\/v2\/posts"}],"about":[{"href":"https:\/\/contraluzcucuta.co\/index.php?rest_route=\/wp\/v2\/types\/post"}],"author":[{"embeddable":true,"href":"https:\/\/contraluzcucuta.co\/index.php?rest_route=\/wp\/v2\/users\/1"}],"replies":[{"embeddable":true,"href":"https:\/\/contraluzcucuta.co\/index.php?rest_route=%2Fwp%2Fv2%2Fcomments&post=30339"}],"version-history":[{"count":1,"href":"https:\/\/contraluzcucuta.co\/index.php?rest_route=\/wp\/v2\/posts\/30339\/revisions"}],"predecessor-version":[{"id":30341,"href":"https:\/\/contraluzcucuta.co\/index.php?rest_route=\/wp\/v2\/posts\/30339\/revisions\/30341"}],"wp:featuredmedia":[{"embeddable":true,"href":"https:\/\/contraluzcucuta.co\/index.php?rest_route=\/wp\/v2\/media\/30340"}],"wp:attachment":[{"href":"https:\/\/contraluzcucuta.co\/index.php?rest_route=%2Fwp%2Fv2%2Fmedia&parent=30339"}],"wp:term":[{"taxonomy":"category","embeddable":true,"href":"https:\/\/contraluzcucuta.co\/index.php?rest_route=%2Fwp%2Fv2%2Fcategories&post=30339"},{"taxonomy":"post_tag","embeddable":true,"href":"https:\/\/contraluzcucuta.co\/index.php?rest_route=%2Fwp%2Fv2%2Ftags&post=30339"}],"curies":[{"name":"wp","href":"https:\/\/api.w.org\/{rel}","templated":true}]}}