{"id":30333,"date":"2017-08-05T10:07:56","date_gmt":"2017-08-05T15:07:56","guid":{"rendered":"http:\/\/contraluzcucuta.co\/?p=30333"},"modified":"2017-08-05T10:07:56","modified_gmt":"2017-08-05T15:07:56","slug":"educacion-en-el-catatumbo-gobernacion-universidades-y-alcaldias-firmaran-convenio","status":"publish","type":"post","link":"https:\/\/contraluzcucuta.co\/?p=30333","title":{"rendered":"EDUCACI\u00d3N EN EL CATATUMBO. Gobernaci\u00f3n, universidades y alcald\u00edas firmar\u00e1n convenio"},"content":{"rendered":"<p><strong>C\u00daCUTA.-<\/strong> Las universidades de Pamplona, Francisco de Paula Santander &#8211; C\u00facuta y Oca\u00f1a- el Instituto Superior de Educaci\u00f3n Rural (ISER), la Escuela Superior de Administraci\u00f3n P\u00fablica y la Gobernaci\u00f3n suscribir\u00e1n la alianza con las alcald\u00edas de los ocho municipios priorizados para implementar el proyecto de educaci\u00f3n superior en El Catatumbo.<\/p>\n<p>La firma del convenio interadministrativo que definir\u00e1 la alianza para la ejecuci\u00f3n del proyecto \u2018Complejo Superior de Educaci\u00f3n Rural-Catatumbo\u2019, iniciativa viabilizada por el Ministerio de Educaci\u00f3n, se cumplir\u00e1 el 8 de agosto.<\/p>\n<p>Convenci\u00f3n, Tib\u00fa, El Tarra, El Carmen, Hacar\u00ed, Sardinata, Teorama y San Calixto se escogieron en desarrollo de las acciones del posconflicto. &nbsp;Mediante el convenio se establecer\u00e1 una estrategia de trabajo continuo y conjunto que genere sinergias y logre avances significativos que permitan el cumplimiento de los objetivos del proyecto.<\/p>\n<p>La firma se efectuar\u00e1 a partir de las 8:00 de la ma\u00f1ana en el despacho del Gobernador de Norte de Santander.<\/p>\n<p><strong>EDUCACI\u00d3N SUPERIOR INCLUSIVA<\/strong><\/p>\n<p>Los docentes de la Universidad de Pamplona participaron en la conferencia \u2018Educaci\u00f3n superior inclusiva\u2019, ofrecida por Giovanny Garz\u00f3n Gil, subdirector de apoyo a la gesti\u00f3n de las IES del Ministerio de Educaci\u00f3n, como acci\u00f3n fundamental para brindar formaci\u00f3n universitaria de calidad y equitativa.<\/p>\n<p>El objetivo del Ministerio con la inclusi\u00f3n es hacer de las poblaciones marginadas, comunidades productivas, aut\u00f3nomas y factor de desarrollo para ellos y su entorno. La Universidad trabaja para trasformar la cultura del claustro y las metodolog\u00edas con perspectiva incluyente.<\/p>\n<p>El Ministerio ha entendido que la educaci\u00f3n, en todos los niveles, debe ser inclusiva, amigable e incluyente, por lo que ha emprendido estas capacitaciones en aras de que las instituciones entren en sinton\u00eda con sus pol\u00edticas, pero, sobre todo, para que los docentes entiendan la importancia de generar estrategias de inclusi\u00f3n en el desarrollo de sus c\u00e1tedras.<\/p>\n<p>El tema de la educaci\u00f3n inclusiva se ha vuelto pilar fundamental sobre la arista de entender que la diversidad por naturaleza. Las IES se plantean el reto de entender c\u00f3mo llegar a m\u00e1s poblaci\u00f3n respetando sus diferencias.<\/p>\n<p><strong>Foto: PRENSA GOBERNACI\u00d3N<\/strong><\/p>\n<p>&nbsp; <\/p>\n","protected":false},"excerpt":{"rendered":"<p>C\u00daCUTA.- Las universidades de Pamplona, Francisco de Paula Santander &#8211; C\u00facuta y Oca\u00f1a- el Instituto Superior de Educaci\u00f3n Rural (ISER), la Escuela Superior de Administraci\u00f3n P\u00fablica y la Gobernaci\u00f3n suscribir\u00e1n la alianza con las alcald\u00edas de los ocho municipios priorizados para implementar el proyecto de educaci\u00f3n superior en El Catatumbo. La firma del convenio interadministrativo &hellip;<\/p>\n","protected":false},"author":1,"featured_media":30334,"comment_status":"open","ping_status":"open","sticky":false,"template":"","format":"standard","meta":{"footnotes":""},"categories":[2630],"tags":[246,379,2800,3738],"class_list":["post-30333","post","type-post","status-publish","format-standard","has-post-thumbnail","hentry","category-gobernacion","tag-el-catatumbo","tag-gobernacion-de-norte-de-santander","tag-gobernador-william-villamizar","tag-universidad-de-el-catatumbo"],"_links":{"self":[{"href":"https:\/\/contraluzcucuta.co\/index.php?rest_route=\/wp\/v2\/posts\/30333","targetHints":{"allow":["GET"]}}],"collection":[{"href":"https:\/\/contraluzcucuta.co\/index.php?rest_route=\/wp\/v2\/posts"}],"about":[{"href":"https:\/\/contraluzcucuta.co\/index.php?rest_route=\/wp\/v2\/types\/post"}],"author":[{"embeddable":true,"href":"https:\/\/contraluzcucuta.co\/index.php?rest_route=\/wp\/v2\/users\/1"}],"replies":[{"embeddable":true,"href":"https:\/\/contraluzcucuta.co\/index.php?rest_route=%2Fwp%2Fv2%2Fcomments&post=30333"}],"version-history":[{"count":1,"href":"https:\/\/contraluzcucuta.co\/index.php?rest_route=\/wp\/v2\/posts\/30333\/revisions"}],"predecessor-version":[{"id":30335,"href":"https:\/\/contraluzcucuta.co\/index.php?rest_route=\/wp\/v2\/posts\/30333\/revisions\/30335"}],"wp:featuredmedia":[{"embeddable":true,"href":"https:\/\/contraluzcucuta.co\/index.php?rest_route=\/wp\/v2\/media\/30334"}],"wp:attachment":[{"href":"https:\/\/contraluzcucuta.co\/index.php?rest_route=%2Fwp%2Fv2%2Fmedia&parent=30333"}],"wp:term":[{"taxonomy":"category","embeddable":true,"href":"https:\/\/contraluzcucuta.co\/index.php?rest_route=%2Fwp%2Fv2%2Fcategories&post=30333"},{"taxonomy":"post_tag","embeddable":true,"href":"https:\/\/contraluzcucuta.co\/index.php?rest_route=%2Fwp%2Fv2%2Ftags&post=30333"}],"curies":[{"name":"wp","href":"https:\/\/api.w.org\/{rel}","templated":true}]}}