{"id":30324,"date":"2017-08-05T08:41:26","date_gmt":"2017-08-05T13:41:26","guid":{"rendered":"http:\/\/contraluzcucuta.co\/?p=30324"},"modified":"2017-08-05T08:41:26","modified_gmt":"2017-08-05T13:41:26","slug":"desde-afuera-este-operario-trasmite-el-calor-cucuteno-con-el-hablado-y-el-temperamento","status":"publish","type":"post","link":"https:\/\/contraluzcucuta.co\/?p=30324","title":{"rendered":"DESDE AFUERA. Este operario trasmite el calor cucute\u00f1o con el hablado y el temperamento"},"content":{"rendered":"<p>A Jhon Cruz, de 31 a\u00f1os, se le dio la oportunidad de viajar a Estados Unidos, conocer otro mundo y no la desaprovech\u00f3. Este operario en m\u00e1quinas para terminaci\u00f3n de cemento en construcciones cambi\u00f3 las calles del barrio Palmeras (parte baja), en la Ciudadela Juan Atalaya, por las v\u00edas gringas. En esta nueva vida lleva 3 a\u00f1os.<\/p>\n<p>A pesar del cambio, extra\u00f1a de C\u00facuta la familia y algunas amistades. Al principio, le parec\u00eda picante la comida, pero con los d\u00edas se compuso. En el camino ha encontrado a otros cucute\u00f1os y algunos bumangueses. La mayor diferencia entre la capital de Norte de Santander y el nuevo lugar de residencia est\u00e1 marcada por el grado de cultura.<\/p>\n<p>Por eso, &nbsp;no traer\u00eda mucho de esa ciudad del pa\u00eds del Norte para adaptarlo a la cotidianidad rojinegra. Claro que C\u00facuta podr\u00eda alcanzar ese nivel de desarrollo, solo que hay que ense\u00f1arle \u201ca la gente a ser gente\u201d.<\/p>\n<p>El momento m\u00e1s dif\u00edcil lo ha pasado cuando est\u00e1 sin los hijos y la esposa. \u201cTodo se vuelve rutina\u201d. Y la felicidad, \u201cpara gloria de Dios\u201d, la ha sentido \u201cdesde que llegu\u00e9\u201d; por eso, todav\u00eda no ha pensado, ni un instante, en devolverse.<\/p>\n<p>Para no olvidar a Colombia usa camisetas de la selecci\u00f3n y de vez en cuando echa una miradita a los billetes (pesos) que no alcanz\u00f3 a cambiar por d\u00f3lares. En cambio, ha trasmitido el calor cucute\u00f1o \u201ccon el hablado y el temperamento\u201d.<\/p>\n<p>John no sabe cu\u00e1nto tiempo m\u00e1s estar\u00e1 fuera del pa\u00eds, esa decisi\u00f3n la ha puesto en manos de Dios, quien dir\u00e1&nbsp; que es momento de regresar. Y cuando vuelva &nbsp;le gustar\u00eda ver a C\u00facuta cambiada en muchos aspectos y a los habitantes culturizados.<\/p>\n<p>El comparativo entre los gobernantes de all\u00e1 y los de ac\u00e1 lo resume en una frase: all\u00e1 no roban.<\/p>\n<p>Se entera de lo que ocurre en C\u00facuta por redes sociales y por una aplicaci\u00f3n en el tel\u00e9fono celular que le permite ver noticieros colombianos. Le gusta estar al tanto de todo lo que sucede, porque \u201cal fin y al cabo somos amarillistas y solo vivimos pendientes de lo malo\u201d.<\/p>\n<p>La partida de nacimiento, que dice que naci\u00f3 en el hospital San&nbsp; Juan de Dios, frente al parque Col\u00f3n, es el distintivo rojinegro que lo identifica como cucute\u00f1o. Al principio se erizaba al escuchar alguna canci\u00f3n colombiana, pasados los meses lo toma con calma.<\/p>\n<p>Los tiempos libres los disfruta con los hijos mientras conoce otros lugares, sin dejar de pensar en Dios. A diario se conecta con los familiares cucute\u00f1os, y aprovecha que la diferencia horaria solo es de 60 minutos.<\/p>\n<p>Lo emociona imaginarse que sus padres puedan marcharse de este mundo y no est\u00e9 a su lado. Esa posibilidad lo hace pensar &nbsp;como el militar, que no ve nacer a los hijos ni ve morir a los padres.<\/p>\n<p><strong>RAFAEL ANTONIO PAB\u00d3N<\/strong><\/p>\n<p><strong>rafaelpabon58@hotmail.com<\/strong> <\/p>\n","protected":false},"excerpt":{"rendered":"<p>A Jhon Cruz, de 31 a\u00f1os, se le dio la oportunidad de viajar a Estados Unidos, conocer otro mundo y no la desaprovech\u00f3. Este operario en m\u00e1quinas para terminaci\u00f3n de cemento en construcciones cambi\u00f3 las calles del barrio Palmeras (parte baja), en la Ciudadela Juan Atalaya, por las v\u00edas gringas. En esta nueva vida lleva &hellip;<\/p>\n","protected":false},"author":1,"featured_media":30325,"comment_status":"open","ping_status":"open","sticky":false,"template":"","format":"standard","meta":{"footnotes":""},"categories":[4,168],"tags":[2021,2089],"class_list":["post-30324","post","type-post","status-publish","format-standard","has-post-thumbnail","hentry","category-barra","category-los-que-estan-afuera","tag-cucutenos-por-el-mundo","tag-desde-afuera"],"_links":{"self":[{"href":"https:\/\/contraluzcucuta.co\/index.php?rest_route=\/wp\/v2\/posts\/30324","targetHints":{"allow":["GET"]}}],"collection":[{"href":"https:\/\/contraluzcucuta.co\/index.php?rest_route=\/wp\/v2\/posts"}],"about":[{"href":"https:\/\/contraluzcucuta.co\/index.php?rest_route=\/wp\/v2\/types\/post"}],"author":[{"embeddable":true,"href":"https:\/\/contraluzcucuta.co\/index.php?rest_route=\/wp\/v2\/users\/1"}],"replies":[{"embeddable":true,"href":"https:\/\/contraluzcucuta.co\/index.php?rest_route=%2Fwp%2Fv2%2Fcomments&post=30324"}],"version-history":[{"count":1,"href":"https:\/\/contraluzcucuta.co\/index.php?rest_route=\/wp\/v2\/posts\/30324\/revisions"}],"predecessor-version":[{"id":30326,"href":"https:\/\/contraluzcucuta.co\/index.php?rest_route=\/wp\/v2\/posts\/30324\/revisions\/30326"}],"wp:featuredmedia":[{"embeddable":true,"href":"https:\/\/contraluzcucuta.co\/index.php?rest_route=\/wp\/v2\/media\/30325"}],"wp:attachment":[{"href":"https:\/\/contraluzcucuta.co\/index.php?rest_route=%2Fwp%2Fv2%2Fmedia&parent=30324"}],"wp:term":[{"taxonomy":"category","embeddable":true,"href":"https:\/\/contraluzcucuta.co\/index.php?rest_route=%2Fwp%2Fv2%2Fcategories&post=30324"},{"taxonomy":"post_tag","embeddable":true,"href":"https:\/\/contraluzcucuta.co\/index.php?rest_route=%2Fwp%2Fv2%2Ftags&post=30324"}],"curies":[{"name":"wp","href":"https:\/\/api.w.org\/{rel}","templated":true}]}}