{"id":30321,"date":"2017-08-05T06:24:28","date_gmt":"2017-08-05T11:24:28","guid":{"rendered":"http:\/\/contraluzcucuta.co\/?p=30321"},"modified":"2017-08-05T06:24:28","modified_gmt":"2017-08-05T11:24:28","slug":"operacion-alianza-en-cucuta-actuaban-bandas-internacionales-dedicadas-al-robo-de-celulares","status":"publish","type":"post","link":"https:\/\/contraluzcucuta.co\/?p=30321","title":{"rendered":"\u2018OPERACI\u00d3N ALIANZA\u2019. En C\u00facuta actuaban bandas internacionales dedicadas al robo de celulares \u00a0"},"content":{"rendered":"<p><strong>&nbsp;<\/strong>Catorce bandas internacionales dedicadas al hurto de tel\u00e9fonos celulares en Chile, Argentina, Bolivia, Ecuador, Per\u00fa, Panam\u00e1 y Colombia fueron desarticuladas en desarrollo de la Operaci\u00f3n Alianza. El trabajo conjunto correspondi\u00f3 a la Comunidad de Polic\u00edas de Am\u00e9rica (Ameripol) y la Fiscal\u00eda General de la Naci\u00f3n.<\/p>\n<p>C\u00facuta aparece entre las ciudades colombianas donde se cumpli\u00f3 la acci\u00f3n polic\u00edal. Las otras son Cali, Medell\u00edn, Barranquilla, Bucaramanga, Villavicencio, Pasto, Tunja, Duitama, Sogamoso, Ipiales, Soacha, Fusagasug\u00e1 y Girardot.<\/p>\n<p>Durante cuatro meses se plane\u00f3 la operaci\u00f3n, cuya ejecuci\u00f3n se hizo de manera simult\u00e1nea en tres d\u00edas. Los resultados son los siguientes:<\/p>\n<p>1.- Intervenidos m\u00e1s de 1700 locales comerciales<\/p>\n<p>2.- Recuperados 11.611 tel\u00e9fonos celulares<\/p>\n<p>3.- Capturadas 367 personas, de estas 270 en Colombia.<\/p>\n<p>El trabajo en Colombia permiti\u00f3 la intervenci\u00f3n de 541 locales, en los que se recuperaron 2 497 tel\u00e9fonos reportados por hurto y otros por el c\u00f3digo IMEI (identificaci\u00f3n de los aparatos).<\/p>\n<p><strong>Foto: Tomada de internet<\/strong><\/p>\n<p>&nbsp;<\/p>\n<p>&nbsp; <\/p>\n","protected":false},"excerpt":{"rendered":"<p>&nbsp;Catorce bandas internacionales dedicadas al hurto de tel\u00e9fonos celulares en Chile, Argentina, Bolivia, Ecuador, Per\u00fa, Panam\u00e1 y Colombia fueron desarticuladas en desarrollo de la Operaci\u00f3n Alianza. El trabajo conjunto correspondi\u00f3 a la Comunidad de Polic\u00edas de Am\u00e9rica (Ameripol) y la Fiscal\u00eda General de la Naci\u00f3n. C\u00facuta aparece entre las ciudades colombianas donde se cumpli\u00f3 la &hellip;<\/p>\n","protected":false},"author":1,"featured_media":30322,"comment_status":"open","ping_status":"open","sticky":false,"template":"","format":"standard","meta":{"footnotes":""},"categories":[11],"tags":[209,3737],"class_list":["post-30321","post","type-post","status-publish","format-standard","has-post-thumbnail","hentry","category-cronica-roja","tag-policia-nacional","tag-robo-de-celulares"],"_links":{"self":[{"href":"https:\/\/contraluzcucuta.co\/index.php?rest_route=\/wp\/v2\/posts\/30321","targetHints":{"allow":["GET"]}}],"collection":[{"href":"https:\/\/contraluzcucuta.co\/index.php?rest_route=\/wp\/v2\/posts"}],"about":[{"href":"https:\/\/contraluzcucuta.co\/index.php?rest_route=\/wp\/v2\/types\/post"}],"author":[{"embeddable":true,"href":"https:\/\/contraluzcucuta.co\/index.php?rest_route=\/wp\/v2\/users\/1"}],"replies":[{"embeddable":true,"href":"https:\/\/contraluzcucuta.co\/index.php?rest_route=%2Fwp%2Fv2%2Fcomments&post=30321"}],"version-history":[{"count":1,"href":"https:\/\/contraluzcucuta.co\/index.php?rest_route=\/wp\/v2\/posts\/30321\/revisions"}],"predecessor-version":[{"id":30323,"href":"https:\/\/contraluzcucuta.co\/index.php?rest_route=\/wp\/v2\/posts\/30321\/revisions\/30323"}],"wp:featuredmedia":[{"embeddable":true,"href":"https:\/\/contraluzcucuta.co\/index.php?rest_route=\/wp\/v2\/media\/30322"}],"wp:attachment":[{"href":"https:\/\/contraluzcucuta.co\/index.php?rest_route=%2Fwp%2Fv2%2Fmedia&parent=30321"}],"wp:term":[{"taxonomy":"category","embeddable":true,"href":"https:\/\/contraluzcucuta.co\/index.php?rest_route=%2Fwp%2Fv2%2Fcategories&post=30321"},{"taxonomy":"post_tag","embeddable":true,"href":"https:\/\/contraluzcucuta.co\/index.php?rest_route=%2Fwp%2Fv2%2Ftags&post=30321"}],"curies":[{"name":"wp","href":"https:\/\/api.w.org\/{rel}","templated":true}]}}