{"id":30315,"date":"2017-08-02T06:22:48","date_gmt":"2017-08-02T11:22:48","guid":{"rendered":"http:\/\/contraluzcucuta.co\/?p=30315"},"modified":"2017-08-02T06:22:48","modified_gmt":"2017-08-02T11:22:48","slug":"futbol-de-segunda-cucuta-deportivo-regresa-casa","status":"publish","type":"post","link":"https:\/\/contraluzcucuta.co\/?p=30315","title":{"rendered":"F\u00daTBOL DE SEGUNDA. C\u00facuta Deportivo regresa a casa"},"content":{"rendered":"<p><strong>C\u00daCUTA.-<\/strong> Para los cristianos creyentes esta ser\u00eda la confirmaci\u00f3n de la par\u00e1bola del hijo pr\u00f3digo, aquel muchacho que pidi\u00f3 al padre la liquidaci\u00f3n por el trabajo cumplido, lo que le correspond\u00eda en bienes materiales y los ahorros. Con las manos llenas march\u00f3 en busca de otros aires, porque cre\u00eda que le ir\u00eda mejor. Al tiempo, y cuando hab\u00eda gastado lo ganado en largos a\u00f1os de trabajo volvi\u00f3 a casa.<\/p>\n<p>La ense\u00f1anza no puede ser mejor, en esta oportunidad aplicada al C\u00facuta Deportivo. Un d\u00eda, el presidente Jos\u00e9 Augusto Cadena amenaz\u00f3 con irse de la ciudad si no se le cumpl\u00edan algunos caprichos. Empac\u00f3 camisetas y jugadores, y march\u00f3 a Zipaquir\u00e1 en procura del respaldo de una afici\u00f3n desconocida y ap\u00e1tica por los colores rojo y negro.<\/p>\n<p>Aqu\u00ed dej\u00f3 a los mejores hinchas de Colombia sin ilusiones, sin equipo, sin f\u00fatbol profesional y sin amor por un club. Los malos resultados, la merma en el bot\u00edn que dan las entradas al estadio y la resignaci\u00f3n de los aficionados hicieron pensar al directivo mayor en la posibilidad de dar marcha atr\u00e1s en las berrietas y buscar acercamientos con quienes manejan el poder en la ciudad.<\/p>\n<p>Razones fueron y vinieron en bus, autom\u00f3vil y avi\u00f3n. La fr\u00eda capital de la rep\u00fablica sirvi\u00f3 como escenario para esas conversaciones, en muchos casos fallidas, para devolverles a los cucute\u00f1os lo que por un papel se les quit\u00f3. El cuadro rojinegro, a pesar de ser una empresa privada, de tener due\u00f1o y de contabilizarse en acciones, despierta fervor entre la multitud uniforme que llena los grader\u00edos del General Santander si el producto que les ofrecen es bueno.<\/p>\n<p>Las palabras llegadas desde Bogot\u00e1 no satisfac\u00edan, a cambio sonaban vac\u00edas. Y surgieron las soluciones cucute\u00f1as.<\/p>\n<p>Primera. Proponerle a &nbsp;Cadena la compra del equipo. Respuestas: el once motil\u00f3n cuesta 10 millones de d\u00f3lares. A los pocos meses se valoriz\u00f3 como si hubiera ganado la Libertadores y pas\u00f3 a costar 30 millones de billetes verdes. Y por \u00faltimo, a diferencia de los m\u00faltiples avisos colgados en las vitrinas de los almacenes, Jos\u00e9 Augusto sac\u00f3 el cartel de NO SE VENDE.<\/p>\n<p>Segunda. &nbsp;Juntar a varios de esos multimillonarios que se pasean en Captiva por las calles de C\u00facuta para que armen otro equipo. Respuestas: a los propietarios de cuentas de ahorro abultadas no les interesa el f\u00fatbol. Otra, la Dimayor no permite que haya otro equipo en la ciudad, porque hay un hijo viejo, con c\u00e9dula y con todos los derechos para ser unig\u00e9nito. Una m\u00e1s, traer la ficha de algunos de los clubes inscritos en la Divisi\u00f3n Mayor y con el tiempo cambiarle de nombre. Ninguna dio resultado.<\/p>\n<p>Tercera. Declarar al presidente Cadena \u2018persona no grata\u2019 en C\u00facuta, con el \u00e1nimo de moverle los sentimientos y hacerlo recapacitar. Respuestas: El equipo hizo una temporada de media tabla hacia abajo, casi llega a la siguiente fase y casi ilusiona a los aficionados. Hubo cambio de t\u00e9cnico, nueva temporada, volvi\u00f3 a hablarse de los motilones en tierra de los Zipas y lleg\u00f3 la invitaci\u00f3n al Concejo para hablar. Cadena, h\u00e1bil pol\u00edtico, trajo camisetas, las reparti\u00f3 y se tom\u00f3 la foto con gobernador y concejales vestidos de rojinegro. Sonrisas.<\/p>\n<p>Cuarta. Exigirle a Jos\u00e9 Augusto que conforme una plantilla de nivel para competir y alcanzar la m\u00e1xima categor\u00eda del f\u00fatbol profesional colombiano. Respuestas: restituci\u00f3n de derechos para utilizar el General Santander, porque Carlos Vives solo no puede llenar las tribunas. No hubo alegr\u00eda plena, pero qued\u00f3 en el ambiente un saborcito a acercamiento. El victimario Cadena sali\u00f3 sin el remoquete de \u2018persona no grata\u2019 y por el discurso que se le escuch\u00f3 es una v\u00edctima m\u00e1s del sistema. Asomo de reconciliaci\u00f3n.<\/p>\n<p>En ese recorrido pas\u00f3 mucho tiempo. Ahora, despu\u00e9s de una nueva reuni\u00f3n con los due\u00f1os del poder en C\u00facuta y Norte de Santander, se hace el anuncio que los hinchas esperaban. El C\u00facuta Deportivo volver\u00e1 a Casa para jugar un partido del torneo de Segunda Divisi\u00f3n. Han quedado atr\u00e1s los insultos, los malos deseos para el equipo, los resquemores y las envidias.<\/p>\n<p>Para cumplirse ese deseo, Cadena debe ponerse al d\u00eda con las deudas que tiene con el municipio (\u00bf?). Son principios de acuerdo, que de un momento a otro pueden echarse para atr\u00e1s. El regreso ser\u00eda en agosto, cualquier d\u00eda.<\/p>\n<p>Los aficionados, al igual que el padre que siempre esper\u00f3 en la finca sin desfallecer, ven a lo lejos el retorno de los motilones a casa. Ojal\u00e1 el hijo mayor, al que le agrada la ciza\u00f1a, no le caliente el o\u00eddo al padre y lo ponga en contra del Hijo pr\u00f3digo que asoma la cabeza para que lo reciban como si nada hubiera ocurrido. Es \u00e9poca de reconciliaci\u00f3n y paz, as\u00ed no haya reparaci\u00f3n por las tardes y noches sin f\u00fatbol en el estadio.<\/p>\n<p><strong>RAFAEL ANTONIO PAB\u00d3N<\/strong><\/p>\n<p><strong><a href=\"mailto:rafaelpabon58@hotmail.com\">rafaelpabon58@hotmail.com<\/a><\/strong> <\/p>\n","protected":false},"excerpt":{"rendered":"<p>C\u00daCUTA.- Para los cristianos creyentes esta ser\u00eda la confirmaci\u00f3n de la par\u00e1bola del hijo pr\u00f3digo, aquel muchacho que pidi\u00f3 al padre la liquidaci\u00f3n por el trabajo cumplido, lo que le correspond\u00eda en bienes materiales y los ahorros. Con las manos llenas march\u00f3 en busca de otros aires, porque cre\u00eda que le ir\u00eda mejor. Al tiempo, &hellip;<\/p>\n","protected":false},"author":1,"featured_media":30316,"comment_status":"open","ping_status":"open","sticky":false,"template":"","format":"standard","meta":{"footnotes":""},"categories":[28],"tags":[192,1166,2509],"class_list":["post-30315","post","type-post","status-publish","format-standard","has-post-thumbnail","hentry","category-vistazo-deportivo","tag-cucuta-deportivo","tag-estadio-general-santander","tag-jose-augusto-cadena"],"_links":{"self":[{"href":"https:\/\/contraluzcucuta.co\/index.php?rest_route=\/wp\/v2\/posts\/30315","targetHints":{"allow":["GET"]}}],"collection":[{"href":"https:\/\/contraluzcucuta.co\/index.php?rest_route=\/wp\/v2\/posts"}],"about":[{"href":"https:\/\/contraluzcucuta.co\/index.php?rest_route=\/wp\/v2\/types\/post"}],"author":[{"embeddable":true,"href":"https:\/\/contraluzcucuta.co\/index.php?rest_route=\/wp\/v2\/users\/1"}],"replies":[{"embeddable":true,"href":"https:\/\/contraluzcucuta.co\/index.php?rest_route=%2Fwp%2Fv2%2Fcomments&post=30315"}],"version-history":[{"count":1,"href":"https:\/\/contraluzcucuta.co\/index.php?rest_route=\/wp\/v2\/posts\/30315\/revisions"}],"predecessor-version":[{"id":30317,"href":"https:\/\/contraluzcucuta.co\/index.php?rest_route=\/wp\/v2\/posts\/30315\/revisions\/30317"}],"wp:featuredmedia":[{"embeddable":true,"href":"https:\/\/contraluzcucuta.co\/index.php?rest_route=\/wp\/v2\/media\/30316"}],"wp:attachment":[{"href":"https:\/\/contraluzcucuta.co\/index.php?rest_route=%2Fwp%2Fv2%2Fmedia&parent=30315"}],"wp:term":[{"taxonomy":"category","embeddable":true,"href":"https:\/\/contraluzcucuta.co\/index.php?rest_route=%2Fwp%2Fv2%2Fcategories&post=30315"},{"taxonomy":"post_tag","embeddable":true,"href":"https:\/\/contraluzcucuta.co\/index.php?rest_route=%2Fwp%2Fv2%2Ftags&post=30315"}],"curies":[{"name":"wp","href":"https:\/\/api.w.org\/{rel}","templated":true}]}}