{"id":30308,"date":"2017-08-01T22:08:47","date_gmt":"2017-08-02T03:08:47","guid":{"rendered":"http:\/\/contraluzcucuta.co\/?p=30308"},"modified":"2017-08-01T22:10:34","modified_gmt":"2017-08-02T03:10:34","slug":"crisis-en-la-frontera-queremos-ayudarles-los-venezolanos-canciller","status":"publish","type":"post","link":"https:\/\/contraluzcucuta.co\/?p=30308","title":{"rendered":"CRISIS EN LA FRONTERA. Queremos ayudarles a los venezolanos: Canciller \u00a0"},"content":{"rendered":"<p><strong>C\u00daCUTA.-<\/strong> La ministra de Relaciones Exteriores, Mar\u00eda \u00c1ngela Holgu\u00edn, presidi\u00f3 en C\u00facuta la mesa departamental de frontera. El fin de la reuni\u00f3n fue hacer seguimiento a las medidas tomadas por el Gobierno para la atenci\u00f3n de los migrantes en esta zona lim\u00edtrofe entre Colombia y Venezuela.<\/p>\n<p>\u201cLo que queremos es estar coordinados y colaborarles a esos ciudadanos venezolanos que quieren pasar a Colombia\u201d, dijo la canciller. Los hombres y mujeres provenientes del vecino pa\u00eds desean huir de la situaci\u00f3n socio-pol\u00edtica que afronta el pa\u00eds. Algunos, buscan atravesar a Colombia, porque hay muchos que se est\u00e1n yendo hacia el sur.<\/p>\n<p>Varios venezolanos han manifestado que quieren seguir hacia Ecuador, Per\u00fa y Chile. Otros, entre tanto, buscan refugio en Colombia y aguardan que de alguna manera les colaborares y apoyen, porque esa es la pol\u00edtica del Gobierno colombiano.<\/p>\n<p>La Ministra agradeci\u00f3 a la poblaci\u00f3n colombiana la solidaridad mostrada frente a la situaci\u00f3n de los venezolanos. \u201cLa generosidad de la poblaci\u00f3n cucute\u00f1a, de toda la gente que quiere ayudar, es importante que la canalicemos a trav\u00e9s del banco de alimentos\u201d. En el centro de migrantes hay hasta hoy 110 personas y tiene capacidad para 300.<\/p>\n<p>En rueda de prensa Holgu\u00edn dijo que durante la semana pasada y el fin de semana, se detectaron algunas personas durmiendo en las plazas. La decisi\u00f3n que se tom\u00f3 fue ubicarlos en un sitio espec\u00edfico para que puedan tener comida y puedan tener un techo mientras se toma la decisi\u00f3n de qu\u00e9 van a hacer, si van a entrar al pa\u00eds para trabajar, para tener una vida o si van a retornar\u201d.<\/p>\n<p>Otro punto importante para aclarar era la Tarjeta de Movilidad Fronteriza. Este documento no sirve para los venezolanos que desean llegar al interior del pa\u00eds. La Canciller explic\u00f3 que \u201cla tarjeta solo sirve para los &nbsp;que cruzan permanentemente el paso de frontera\u201d. Los viven en un lado y trabajan en el otro o lo que est\u00e1n haciendo, que es venir a comprar alimentos y medicamentos.<\/p>\n<p>Otra medida migratoria que se tom\u00f3 es la ampliaci\u00f3n del permiso de permanencia. Los venezolanos que hayan entrado hasta el 28 de julio y que hubieran pasado los meses, sus 90 d\u00edas de permanencia, se las vamos a extender hasta otros 90 y podr\u00e1n estarse otros 90 hasta cumplir dos a\u00f1os.<\/p>\n<p>El equipo de Canciller\u00eda se reuni\u00f3 con las autoridades departamentales y municipales de Norte de Santander y Arauca, y los c\u00f3nsules de Colombia en Venezuela para saber de primera mano la situaci\u00f3n de los connacionales en la frontera.<\/p>\n<p>En las reuniones participaron el director de la Organizaci\u00f3n Internacional para las Migraciones, Alejandro Guidi; el director de Desarrollo e Integraci\u00f3n Fronteriza, V\u00edctorBautista; el director de Asuntos Migratorios, Consulares y Servicio al Ciudadano, Javier Dar\u00edo Higuera; los gobernadores de Norte de Santander, William Villamizar, y de Arauca, Ricardo Alvarado Bestene; as\u00ed como los C\u00f3nsules de Colombia en Maracaibo, San Antonio, San Crist\u00f3bal, El Amparo y San Fernando de Atabapo.<\/p>\n<p>En la reuni\u00f3n participaron los gobernadores de Norte de Santander, William Villamizar y de Arauca, Ricardo Alvarado; los c\u00f3nsules de Colombia en San Antonio, San Crist\u00f3bal, El Amparo, Atabapo, Maracaibo; los alcaldes de Villa del Rosario, Ragovalia, Herr\u00e1n de los Patios y Tib\u00fa, y la Unidad Nacional de Gesti\u00f3n de Riesgo y Desastres (Ungrd) , el Instituto Colombia de Bienestar Familiar (ICBF), Migraci\u00f3n Colombia, as\u00ed como altos mandos militares y del ej\u00e9rcito de la regi\u00f3n.<\/p>\n<p><strong>&nbsp;<\/strong> <\/p>\n","protected":false},"excerpt":{"rendered":"<p>C\u00daCUTA.- La ministra de Relaciones Exteriores, Mar\u00eda \u00c1ngela Holgu\u00edn, presidi\u00f3 en C\u00facuta la mesa departamental de frontera. El fin de la reuni\u00f3n fue hacer seguimiento a las medidas tomadas por el Gobierno para la atenci\u00f3n de los migrantes en esta zona lim\u00edtrofe entre Colombia y Venezuela. \u201cLo que queremos es estar coordinados y colaborarles a &hellip;<\/p>\n","protected":false},"author":1,"featured_media":30309,"comment_status":"open","ping_status":"open","sticky":false,"template":"","format":"standard","meta":{"footnotes":""},"categories":[45,4],"tags":[557,2483],"class_list":["post-30308","post","type-post","status-publish","format-standard","has-post-thumbnail","hentry","category-destacado","category-barra","tag-canciller-maria-angela-holguin","tag-crisis-en-la-frontera"],"_links":{"self":[{"href":"https:\/\/contraluzcucuta.co\/index.php?rest_route=\/wp\/v2\/posts\/30308","targetHints":{"allow":["GET"]}}],"collection":[{"href":"https:\/\/contraluzcucuta.co\/index.php?rest_route=\/wp\/v2\/posts"}],"about":[{"href":"https:\/\/contraluzcucuta.co\/index.php?rest_route=\/wp\/v2\/types\/post"}],"author":[{"embeddable":true,"href":"https:\/\/contraluzcucuta.co\/index.php?rest_route=\/wp\/v2\/users\/1"}],"replies":[{"embeddable":true,"href":"https:\/\/contraluzcucuta.co\/index.php?rest_route=%2Fwp%2Fv2%2Fcomments&post=30308"}],"version-history":[{"count":1,"href":"https:\/\/contraluzcucuta.co\/index.php?rest_route=\/wp\/v2\/posts\/30308\/revisions"}],"predecessor-version":[{"id":30310,"href":"https:\/\/contraluzcucuta.co\/index.php?rest_route=\/wp\/v2\/posts\/30308\/revisions\/30310"}],"wp:featuredmedia":[{"embeddable":true,"href":"https:\/\/contraluzcucuta.co\/index.php?rest_route=\/wp\/v2\/media\/30309"}],"wp:attachment":[{"href":"https:\/\/contraluzcucuta.co\/index.php?rest_route=%2Fwp%2Fv2%2Fmedia&parent=30308"}],"wp:term":[{"taxonomy":"category","embeddable":true,"href":"https:\/\/contraluzcucuta.co\/index.php?rest_route=%2Fwp%2Fv2%2Fcategories&post=30308"},{"taxonomy":"post_tag","embeddable":true,"href":"https:\/\/contraluzcucuta.co\/index.php?rest_route=%2Fwp%2Fv2%2Ftags&post=30308"}],"curies":[{"name":"wp","href":"https:\/\/api.w.org\/{rel}","templated":true}]}}