{"id":30305,"date":"2017-08-01T20:54:48","date_gmt":"2017-08-02T01:54:48","guid":{"rendered":"http:\/\/contraluzcucuta.co\/?p=30305"},"modified":"2017-08-01T20:54:48","modified_gmt":"2017-08-02T01:54:48","slug":"sala-de-conservacion-los-libros-reciben-primeros-auxilios-para-evitar-deterioro","status":"publish","type":"post","link":"https:\/\/contraluzcucuta.co\/?p=30305","title":{"rendered":"SALA DE CONSERVACI\u00d3N. Los libros reciben primeros auxilios para evitar deterioro"},"content":{"rendered":"<p><strong>C\u00daCUTA.-<\/strong> \u00bfQu\u00e9 pensar\u00eda usted si le dijeran que los libros son sometidos a primeros auxilios? Pues cr\u00e9alo, porque es cierto. Esta tarea se cumple en la Sala de Conservaci\u00f3n, ubicada en el segundo piso de la biblioteca p\u00fablica \u2018Julio P\u00e9rez Ferrero\u2019. En ese rinc\u00f3n, y casi en el anonimato, Leidy Morales cuida de los textos y los cura del mal uso que les dan los lectores.<\/p>\n<p>&nbsp;El proceso consiste en la restauraci\u00f3n, la encuadernaci\u00f3n y la limpieza del material bibliogr\u00e1fico, fotogr\u00e1fico y documental. Intervienen los libros que por uso o por mala manipulaci\u00f3n de los usuarios est\u00e1n deteriorados y deshojados.<\/p>\n<p>Hay algunos lectores que rompen los libros o les mutilan una hoja. La Sala de Conservaci\u00f3n interviene el da\u00f1o y evita que&nbsp; se deteriore. Esto en cuesti\u00f3n de colecciones de la sala general. El material del Fondo Regional es al que mayor cuidado se le tiene. M\u00e1s que otros libros, que pueden conseguirse en librer\u00edas. A veces, tratan de custodiar una copia de cada autor nortesantandereano.<\/p>\n<p>Aqu\u00ed, se han intervenido varios libros por la antig\u00fcedad, porque son grapados o son cosidos, y llegan hasta con putillas y tornillos. Lo que se hace es retirarle el cuerpo ajeno que oxida las hojas, se retiran con sumo cuidado esos materiales y se procede a la encuadernaci\u00f3n para detener el deterioro.<\/p>\n<p>Tambi\u00e9n, la Sala de Conservaci\u00f3n lleg\u00f3 a la digitalizaci\u00f3n y tienen casi 3000 ejemplares en este sistema, del Fondo Regional de Autores Nortesantandereanos. Este trabajo se adelant\u00f3 para evitar la manipulaci\u00f3n, porque los usuarios no quieren ayudar a cuidar este material. Los libros se dan en consulta por medio de pantallas para que el lector consulte en la plataforma.<\/p>\n<p>La idea que se tiene es recoger todos los derechos de autor para que los libros puedan salir en las redes y se den a conocer, porque no saben qu\u00e9 libros se han escrito en el departamento.<\/p>\n<p><strong>\u00bfCu\u00e1ntos libros hay restaurados?<\/strong><\/p>\n<p>Se ha intervenido muchos. Hemos restaurado unos 400 o 500. Hacemos lo b\u00e1sico y cuando es material de mayor valor, m\u00e1s delicado en el estado, pedimos apoyo y se env\u00eda a la Biblioteca Nacional, en Bogot\u00e1.<\/p>\n<p><strong>\u00bfQu\u00e9 tan deteriorados llegan los libros?<\/strong><\/p>\n<p>Hay algunos est\u00e1n delicados y tratamos de no tocarlos, le hacemos contenedores en cart\u00f3n para conservarlos. Cuando se pueda enviar a Bogot\u00e1 se har\u00e1. Estos libros llegan amarillos por la oxidaci\u00f3n por la luz, con rasgaduras y la fibra del papel deteriorada, llegan con ataque de microorganismos, y el comej\u00e9n los ha deteriorado. Si se les pueden hacer los primero auxilios se les hacen. Es como hacerle un injerto peque\u00f1o con papel japon\u00e9s, para detener el deterioro.<\/p>\n<p><strong>\u00bfHace cu\u00e1nto se lleva a cabo este trabajo?<\/strong><\/p>\n<p>Hace m\u00e1s de cuatro a\u00f1os.<\/p>\n<p><strong>\u00bfC\u00f3mo aprendi\u00f3 este oficio?<\/strong><\/p>\n<p>He sido capacitada por la Biblioteca Nacional y estoy inform\u00e1ndome por medio de diplomados. Me he capacitado, soy estudiante de bibliotecolog\u00eda, y en conservaci\u00f3n he hecho diplomados con la Universidad Externado de Colombia.<\/p>\n<p><strong>\u00bfQu\u00e9 habilidades deben tenerse para hacer la conservaci\u00f3n de los libros?<\/strong><\/p>\n<p>Amor, mucho amor por los libros. Y el cuidado adecuado que les debe dar, pues no todos tenemos habilidades. No todos somos buenos en lo manual y no tenemos cuidado.<\/p>\n<p><strong>\u00bfQu\u00e9 textos se deterioran con mayor facilidad?<\/strong><\/p>\n<p>En lo general se deterioran m\u00e1s los de literatura y matem\u00e1ticas.<\/p>\n<p><strong>\u00bfY la fotograf\u00eda?<\/strong><\/p>\n<p>Mantenemos un archivo fotogr\u00e1fico. Las fotos llegan donadas o compradas. A veces llega con material ajeno en la parte posterior o con pegamento, grapas o rayadas. Hacemos una limpieza por la parte posterior y retiramos el material. Puede llegan en buen estado, estadio medio o malo. Hay algunas que no fueron cuidadas y tienen hongos. Se hacen a aparte. Se miran, se meten en cuarentena y llamamos a la Biblioteca para conocer qu\u00e9 m\u00e1s podemos hacer. La idea es pararle el deterioro o si no sacarle una copia digital y darla de baja. Es poca la foto que llega en estado regular.<\/p>\n<p><strong>\u00bfCu\u00e1ntas fotograf\u00edas tienen?<\/strong><\/p>\n<p>Var\u00edan mucho. Tenemos de personajes, del departamento, de estructuras, de las calles, de deportes, de autores.<\/p>\n<p><strong>RAFAEL ANTONIO PAB\u00d3N <\/strong><\/p>\n<p><strong><a href=\"mailto:rafaelpabon58@hotmail.com\">rafaelpabon58@hotmail.com<\/a><\/strong> <\/p>\n","protected":false},"excerpt":{"rendered":"<p>C\u00daCUTA.- \u00bfQu\u00e9 pensar\u00eda usted si le dijeran que los libros son sometidos a primeros auxilios? Pues cr\u00e9alo, porque es cierto. Esta tarea se cumple en la Sala de Conservaci\u00f3n, ubicada en el segundo piso de la biblioteca p\u00fablica \u2018Julio P\u00e9rez Ferrero\u2019. En ese rinc\u00f3n, y casi en el anonimato, Leidy Morales cuida de los textos &hellip;<\/p>\n","protected":false},"author":1,"featured_media":30306,"comment_status":"open","ping_status":"open","sticky":false,"template":"","format":"standard","meta":{"footnotes":""},"categories":[4,6,37],"tags":[370,3735,3734],"class_list":["post-30305","post","type-post","status-publish","format-standard","has-post-thumbnail","hentry","category-barra","category-ojo-avizor","category-paseo-cultural","tag-biblioteca-julio-perez-ferrero","tag-biblioteca-nacional","tag-sala-de-conservacion"],"_links":{"self":[{"href":"https:\/\/contraluzcucuta.co\/index.php?rest_route=\/wp\/v2\/posts\/30305","targetHints":{"allow":["GET"]}}],"collection":[{"href":"https:\/\/contraluzcucuta.co\/index.php?rest_route=\/wp\/v2\/posts"}],"about":[{"href":"https:\/\/contraluzcucuta.co\/index.php?rest_route=\/wp\/v2\/types\/post"}],"author":[{"embeddable":true,"href":"https:\/\/contraluzcucuta.co\/index.php?rest_route=\/wp\/v2\/users\/1"}],"replies":[{"embeddable":true,"href":"https:\/\/contraluzcucuta.co\/index.php?rest_route=%2Fwp%2Fv2%2Fcomments&post=30305"}],"version-history":[{"count":1,"href":"https:\/\/contraluzcucuta.co\/index.php?rest_route=\/wp\/v2\/posts\/30305\/revisions"}],"predecessor-version":[{"id":30307,"href":"https:\/\/contraluzcucuta.co\/index.php?rest_route=\/wp\/v2\/posts\/30305\/revisions\/30307"}],"wp:featuredmedia":[{"embeddable":true,"href":"https:\/\/contraluzcucuta.co\/index.php?rest_route=\/wp\/v2\/media\/30306"}],"wp:attachment":[{"href":"https:\/\/contraluzcucuta.co\/index.php?rest_route=%2Fwp%2Fv2%2Fmedia&parent=30305"}],"wp:term":[{"taxonomy":"category","embeddable":true,"href":"https:\/\/contraluzcucuta.co\/index.php?rest_route=%2Fwp%2Fv2%2Fcategories&post=30305"},{"taxonomy":"post_tag","embeddable":true,"href":"https:\/\/contraluzcucuta.co\/index.php?rest_route=%2Fwp%2Fv2%2Ftags&post=30305"}],"curies":[{"name":"wp","href":"https:\/\/api.w.org\/{rel}","templated":true}]}}