{"id":30302,"date":"2017-08-01T19:24:20","date_gmt":"2017-08-02T00:24:20","guid":{"rendered":"http:\/\/contraluzcucuta.co\/?p=30302"},"modified":"2017-08-01T19:24:20","modified_gmt":"2017-08-02T00:24:20","slug":"sesiones-ordinarias-asamblea-de-norte-de-santander-aprobo-cinco-iniciativas","status":"publish","type":"post","link":"https:\/\/contraluzcucuta.co\/?p=30302","title":{"rendered":"SESIONES ORDINARIAS. Asamblea de Norte de Santander aprob\u00f3 cinco iniciativas"},"content":{"rendered":"<p><strong>C\u00daCUTA.-<\/strong> Cinco proyectos de ordenanza, dos por iniciativa del Gobierno departamental y tres por parte de los diputados, fueron aprobados por la Asamblea de Norte de Santander, entre el &nbsp;primero de junio y el 30 de julio.<\/p>\n<p>Entre las iniciativas aprobadas destacan:<\/p>\n<p>1.- Empr\u00e9stito para ejecutar programas y proyectos con vigencias futuras para la construcci\u00f3n del Centro de Especialidades para la Polic\u00eda en el departamento, y el centro de Control Fronterizo. La inversi\u00f3n asciende a $ 25.000 millones, aportados por los gobiernos departamental y nacional.<\/p>\n<p>2.- Reconocimiento al D\u00eda del Artesano<\/p>\n<p>3.- Fomento a la protecci\u00f3n y defensa de los r\u00edos<\/p>\n<p>4.- Creaci\u00f3n de mecanismos para la participaci\u00f3n de la juventud en la conservaci\u00f3n de los r\u00edos<\/p>\n<p>5.- Regulaci\u00f3n para la movilizaci\u00f3n de ganado en la regi\u00f3n.<\/p>\n<p>El presidente de la Asamblea, Rafael C\u00e1ceres N\u00fa\u00f1ez, destac\u00f3 el trabajo de los compa\u00f1eros de corporaci\u00f3n para el estudio de las ordenanzas.<\/p>\n<p>En la sesi\u00f3n de cierre del ciclo ordinario, la secretaria general de la Gobernaci\u00f3n, Sonia Arango Medina, &nbsp;agradeci\u00f3 a la Asamblea la aprobaci\u00f3n de las iniciativas para beneficio de los nortesantandereanos, y para avanzar en la ejecuci\u00f3n del Plan de Desarrollo.<\/p>\n<p><strong>Foto: PRENSA GOBERNACI\u00d3N<\/strong><\/p>\n<p>&nbsp;<\/p>\n<p>&nbsp; <\/p>\n","protected":false},"excerpt":{"rendered":"<p>C\u00daCUTA.- Cinco proyectos de ordenanza, dos por iniciativa del Gobierno departamental y tres por parte de los diputados, fueron aprobados por la Asamblea de Norte de Santander, entre el &nbsp;primero de junio y el 30 de julio. Entre las iniciativas aprobadas destacan: 1.- Empr\u00e9stito para ejecutar programas y proyectos con vigencias futuras para la construcci\u00f3n &hellip;<\/p>\n","protected":false},"author":1,"featured_media":30303,"comment_status":"open","ping_status":"open","sticky":false,"template":"","format":"standard","meta":{"footnotes":""},"categories":[9],"tags":[688],"class_list":["post-30302","post","type-post","status-publish","format-standard","has-post-thumbnail","hentry","category-politica","tag-asamblea-de-norte-de-santander"],"_links":{"self":[{"href":"https:\/\/contraluzcucuta.co\/index.php?rest_route=\/wp\/v2\/posts\/30302","targetHints":{"allow":["GET"]}}],"collection":[{"href":"https:\/\/contraluzcucuta.co\/index.php?rest_route=\/wp\/v2\/posts"}],"about":[{"href":"https:\/\/contraluzcucuta.co\/index.php?rest_route=\/wp\/v2\/types\/post"}],"author":[{"embeddable":true,"href":"https:\/\/contraluzcucuta.co\/index.php?rest_route=\/wp\/v2\/users\/1"}],"replies":[{"embeddable":true,"href":"https:\/\/contraluzcucuta.co\/index.php?rest_route=%2Fwp%2Fv2%2Fcomments&post=30302"}],"version-history":[{"count":1,"href":"https:\/\/contraluzcucuta.co\/index.php?rest_route=\/wp\/v2\/posts\/30302\/revisions"}],"predecessor-version":[{"id":30304,"href":"https:\/\/contraluzcucuta.co\/index.php?rest_route=\/wp\/v2\/posts\/30302\/revisions\/30304"}],"wp:featuredmedia":[{"embeddable":true,"href":"https:\/\/contraluzcucuta.co\/index.php?rest_route=\/wp\/v2\/media\/30303"}],"wp:attachment":[{"href":"https:\/\/contraluzcucuta.co\/index.php?rest_route=%2Fwp%2Fv2%2Fmedia&parent=30302"}],"wp:term":[{"taxonomy":"category","embeddable":true,"href":"https:\/\/contraluzcucuta.co\/index.php?rest_route=%2Fwp%2Fv2%2Fcategories&post=30302"},{"taxonomy":"post_tag","embeddable":true,"href":"https:\/\/contraluzcucuta.co\/index.php?rest_route=%2Fwp%2Fv2%2Ftags&post=30302"}],"curies":[{"name":"wp","href":"https:\/\/api.w.org\/{rel}","templated":true}]}}