{"id":30298,"date":"2017-08-01T17:47:29","date_gmt":"2017-08-01T22:47:29","guid":{"rendered":"http:\/\/contraluzcucuta.co\/?p=30298"},"modified":"2017-08-01T17:47:29","modified_gmt":"2017-08-01T22:47:29","slug":"concejo-de-cucuta-aprobados-proyectos-para-convertir-al-municipio-en-destino-turistico","status":"publish","type":"post","link":"https:\/\/contraluzcucuta.co\/?p=30298","title":{"rendered":"CONCEJO DE C\u00daCUTA. Aprobados proyectos para convertir al municipio en destino tur\u00edstico"},"content":{"rendered":"<p><strong>C\u00daCUTA.-<\/strong> El Concejo de C\u00facuta le concedi\u00f3 facultades al alcalde C\u00e9sar Rojas para crear la sociedad de econom\u00eda mixta que desarrollar\u00e1, administrar\u00e1 y operar\u00e1 el Parque Industrial y Zona Franca. La decisi\u00f3n se tom\u00f3 en el ciclo de sesiones ordinarias de mitad de a\u00f1o mediante el Acuerdo 023. Luego de recibir respaldo en la Comisi\u00f3n del Plan, con ponencia de Juan Carlos Capacho, la iniciativa qued\u00f3 para la sanci\u00f3n del gobernante local.<\/p>\n<p>En los dos meses de trabajo, los concejales ejercieron control pol\u00edtico a las secretar\u00edas de Planeaci\u00f3n y Gesti\u00f3n del Riesgo Municipal. Entre otras actividades promovieron foros con la junta directiva del C\u00facuta Deportivo, y las prestadoras de servicios p\u00fablicos CENS \u2013 EPM, Aseo Urbano y Proactiva.&nbsp;<\/p>\n<p>En la sesi\u00f3n de cierre,&nbsp; aprobaron seis de proyectos de acuerdo presentados por el alcalde C\u00e9sar Rojas (5) y el concejal Bachir Mirep. El presidente Nelson Ovalles dijo al final de la reuni\u00f3n que \u201cel balance de la corporaci\u00f3n fue positivo al terminar el segundo periodo ordinario\u201d.<\/p>\n<p>Entre las iniciativas aprobadas resaltan:<\/p>\n<p>1.- Ejecuci\u00f3n del Parque Industrial y&nbsp; zona franca.<\/p>\n<p>2.- Incentivo a la cultura humanitaria y solidaria de donaci\u00f3n de \u00f3rganos y tejidos con fines de trasplante humano en el municipio.<\/p>\n<p>3.- Conceder facultades al alcalde Cesar Rojas para crear la sociedad de econom\u00eda mixta para prestar el servicio de aseo y reciclaje, gesti\u00f3n integral de residuos s\u00f3lidos y dem\u00e1s componentes del servicio de aseo en C\u00facuta.<\/p>\n<p>4.- Conceder facultades al alcalde Rojas para crear la sociedad de econom\u00eda mixta para desarrollar, administrar y operar el Parque Colombia.<\/p>\n<p>5.- Ejecutar el proyecto educativo para la ampliaci\u00f3n de cobertura y mejoramiento del Mega Colegio El Rodeo de C\u00facuta.<\/p>\n<p>6.- Concesi\u00f3n del parqueadero de la Secretar\u00eda de Tr\u00e1nsito Municipal.<\/p>\n<p>\u201cLo que se busca con esta aprobaci\u00f3n de estos proyectos, es la trasformaci\u00f3n de la ciudad\u201d, dijo el presidente Ovalles.<\/p>\n<p>La secretaria general Marta mar\u00eda reyes represent\u00f3 al alcalde C\u00e9sar Rojas en el acto de cierre de sesione ordinarias. Agradeci\u00f3 e trabajo ejecutado por la corporaci\u00f3n. \u201cEsta administraci\u00f3n es de puertas abiertas&nbsp; y trabajar\u00e1 de la mano de ustedes\u201d.<\/p>\n<p>En los pr\u00f3ximos d\u00edas los concejales ser\u00e1n llamados a sesiones extras para estudiar y debatir otro paquete de iniciativas que redundar\u00e1n en beneficio de los cucute\u00f1os.<\/p>\n<p>Felipe Corzo dijo al t\u00e9rmino de la sesi\u00f3n que la corporaci\u00f3n ha trabajado incansablemente y ha estado presto para atender a la comunidad y para buscarles soluciones a las necesidades de los barrios cucute\u00f1os.<\/p>\n<p>El presidente Nelson Ovalles resalto las facultades otorgadas al alcalde C\u00e9sar Rojas para sacar adelante proyectos insignia del programa de gobierno y pilares del Plan de Desarrollo 2017 \u2013 2019. \u201cBuscaos convertir al municipio en uno de los destinos tur\u00edsticos m\u00e1s importantes del oriente colombiano\u201d. <\/p>\n","protected":false},"excerpt":{"rendered":"<p>C\u00daCUTA.- El Concejo de C\u00facuta le concedi\u00f3 facultades al alcalde C\u00e9sar Rojas para crear la sociedad de econom\u00eda mixta que desarrollar\u00e1, administrar\u00e1 y operar\u00e1 el Parque Industrial y Zona Franca. La decisi\u00f3n se tom\u00f3 en el ciclo de sesiones ordinarias de mitad de a\u00f1o mediante el Acuerdo 023. Luego de recibir respaldo en la Comisi\u00f3n &hellip;<\/p>\n","protected":false},"author":1,"featured_media":30300,"comment_status":"open","ping_status":"open","sticky":false,"template":"","format":"standard","meta":{"footnotes":""},"categories":[4,9],"tags":[226,197,2315],"class_list":["post-30298","post","type-post","status-publish","format-standard","has-post-thumbnail","hentry","category-barra","category-politica","tag-alcaldia-de-cucuta","tag-concejo-de-cucuta","tag-proyectos-para-cucuta"],"_links":{"self":[{"href":"https:\/\/contraluzcucuta.co\/index.php?rest_route=\/wp\/v2\/posts\/30298","targetHints":{"allow":["GET"]}}],"collection":[{"href":"https:\/\/contraluzcucuta.co\/index.php?rest_route=\/wp\/v2\/posts"}],"about":[{"href":"https:\/\/contraluzcucuta.co\/index.php?rest_route=\/wp\/v2\/types\/post"}],"author":[{"embeddable":true,"href":"https:\/\/contraluzcucuta.co\/index.php?rest_route=\/wp\/v2\/users\/1"}],"replies":[{"embeddable":true,"href":"https:\/\/contraluzcucuta.co\/index.php?rest_route=%2Fwp%2Fv2%2Fcomments&post=30298"}],"version-history":[{"count":1,"href":"https:\/\/contraluzcucuta.co\/index.php?rest_route=\/wp\/v2\/posts\/30298\/revisions"}],"predecessor-version":[{"id":30301,"href":"https:\/\/contraluzcucuta.co\/index.php?rest_route=\/wp\/v2\/posts\/30298\/revisions\/30301"}],"wp:featuredmedia":[{"embeddable":true,"href":"https:\/\/contraluzcucuta.co\/index.php?rest_route=\/wp\/v2\/media\/30300"}],"wp:attachment":[{"href":"https:\/\/contraluzcucuta.co\/index.php?rest_route=%2Fwp%2Fv2%2Fmedia&parent=30298"}],"wp:term":[{"taxonomy":"category","embeddable":true,"href":"https:\/\/contraluzcucuta.co\/index.php?rest_route=%2Fwp%2Fv2%2Fcategories&post=30298"},{"taxonomy":"post_tag","embeddable":true,"href":"https:\/\/contraluzcucuta.co\/index.php?rest_route=%2Fwp%2Fv2%2Ftags&post=30298"}],"curies":[{"name":"wp","href":"https:\/\/api.w.org\/{rel}","templated":true}]}}