{"id":30289,"date":"2017-07-30T20:44:15","date_gmt":"2017-07-31T01:44:15","guid":{"rendered":"http:\/\/contraluzcucuta.co\/?p=30289"},"modified":"2017-07-30T20:44:16","modified_gmt":"2017-07-31T01:44:16","slug":"opinion-una-reunion-positiva","status":"publish","type":"post","link":"https:\/\/contraluzcucuta.co\/?p=30289","title":{"rendered":"OPINI\u00d3N. Una reuni\u00f3n positiva"},"content":{"rendered":"<p>Los colombianos fuimos sorprendidos por las noticias de una reuni\u00f3n extra\u00f1a y positiva que se llev\u00f3 a cabo, el 19 de julio, entre importantes exjefes paramilitares y miembros de la direcci\u00f3n de las desarmadas Farc Ep. Esta reuni\u00f3n convocada con la ayuda del emblem\u00e1tico sacerdote comprometido con la Paz, el jesuita Francisco de Roux y del asesor jur\u00eddico de la mesa de di\u00e1logo \u00c1lvaro Leiva Dur\u00e1n, &nbsp;acerc\u00f3 &nbsp;por primera vez &nbsp;a integrantes de la direcci\u00f3n de las Farc-Ep y exjefes paramilitares, despu\u00e9s de una larga y devastadora confrontaci\u00f3n armada. La reuni\u00f3n &nbsp;se cumpli\u00f3 en la Casa Provincial de los Jesuitas, en Bogot\u00e1, para hablar de reconciliaci\u00f3n, dejaci\u00f3n de las armas y superaci\u00f3n de los odios.<\/p>\n<p>Por parte del Secretariado de las Farc Ep estuvieron \u2018Iv\u00e1n M\u00e1rquez\u2019 y \u2018Pablo Catatumbo\u2019, junto al integrante del Estado Mayor \u2018Jes\u00fas Santrich\u2019, y en representaci\u00f3n de las desmovilizadas Autodefensas Unidas de Colombia, Freddy Rend\u00f3n Herrera, \u2018El Alem\u00e1n\u2019; Edward Cobos T\u00e9llez, \u2018Diego Vecino\u2019, e Iv\u00e1n Roberto Duque, \u2018Ernesto B\u00e1ez\u2019.<\/p>\n<p>Las partes coincidieron en reconocer que la Paz&nbsp; es una obligaci\u00f3n y un derecho de los ciudadanos y la reconciliaci\u00f3n es la m\u00e1xima aspiraci\u00f3n del pueblo colombiano. De los puntos valorados por &nbsp;la opini\u00f3n colombiana fue sin duda &nbsp;el compromiso firme e ineludible con la verdad &nbsp;como componente fundamental de la reconciliaci\u00f3n nacional y elemento esencial de la reparaci\u00f3n a las&nbsp; v\u00edctimas.&nbsp; Ratificaron la importancia de un pacto nacional para sacar las&nbsp; armas de la pol\u00edtica y asegurar,&nbsp; definitivamente, un debate democr\u00e1tico, respetuoso y amplio de las&nbsp; ideas.<\/p>\n<p>La presencia del sacerdote jesuita Francisco de Roux concedi\u00f3 una gran confianza a los participantes de tan crucial reuni\u00f3n. \u00c9l es, sin duda, fiel exponente de las ideas sociales de justicia y reparaci\u00f3n a las v\u00edctimas que profesa su santidad Francisco. Indiscutiblemente, el Papa espera y conf\u00eda que en la anunciada visita a Colombia, la guerra fratricida haya sido desarmada en su totalidad, del mismo modo est\u00e1 presente espiritualmente en los di\u00e1logos de Quito, con el Eln, y celebra la reuni\u00f3n&nbsp; de los dos grupos armados en la Casa Provincial de los Jesuitas, que en el pasado hicieron tanto da\u00f1o y hoy cierran el ciclo&nbsp; de odio, se abren al perd\u00f3n que invita la&nbsp; caridad&nbsp; cristiana.<\/p>\n<p>El presidente Santos no dud\u00f3 en calificar como positivo este encuentro y destac\u00f3 que se trata de un buen paso para la reconciliaci\u00f3n de los colombianos: \u201cEsa foto me gust\u00f3, porque&nbsp; esa es la paz. Ya depusieron las armas, ahora lo que debemos&nbsp; hacer es deponer los odios, la sed de venganza, reconciliarnos, a eso viene el Santo Padre, adem\u00e1s, dar el primer paso hacia la reconciliaci\u00f3n\u201d.<\/p>\n<p>Valoro y aprecio el gesto de paz generado por los grupos antes en discordia, que construyen y reconfirman&nbsp; un nuevo ambiente de paz y de reconciliaci\u00f3n en el pa\u00eds, invitan a una gran jornada de reconciliaci\u00f3n que concite personas, hogares, instituciones, pol\u00edtica y vida p\u00fablica, estimule y toque el coraz\u00f3n de todo aquel que tenga resquemor, rabia, odio con alguien &nbsp;y decida estimular este ambiente de paz e invite de manera fraternal a su oponente a conversar, estrechar las manos y decirse: podemos disentir, ser diferentes y a la vez reconocernos en &nbsp;el abrazo fraternal en beneficio de nosotros mismos, de nuestros entornos y de nuestro pa\u00eds, &nbsp;en una palabra de nuestro bienestar.<\/p>\n<p>Eficaz y hermosa manera de responder a aquella pregunta que muchos nos hacemos: \u00bfQu\u00e9 puedo desde mi posici\u00f3n hacer por la paz? \u00a1Respuesta que solo cada uno puede dar y actuar desde el fondo sincero del alma!&nbsp;<\/p>\n<p>Estamos viviendo y disfrutando la llegada de la paz y la reconciliaci\u00f3n. Los colombianos somos conscientes de esta nueva y pl\u00e1cida realidad. Los tiros y&nbsp; las bombas van siendo cada vez menos y sus ruidos no atormentan&nbsp; a nuestras familias campesinas.&nbsp; Es el momento de abrirle las puestas a la paz desde todos los \u00e1mbitos posibles, es hora de abrir nuestro coraz\u00f3n para que crezcan la fraternidad, la solidaridad, el respeto y el cari\u00f1o que nos debemos como colombianos. \u00a1Atr\u00e1s, muy atr\u00e1s, deben quedar para siempre la guerra, la violencia, &nbsp;la muerte, los odios, los resquemores y las prevenciones! \u00a1Nos merecemos esta segunda oportunidad que hemos construido sobre la superficie de nuestra querida y golpeada naci\u00f3n! Adelante, la paz es una construcci\u00f3n conjunta!<\/p>\n<p><strong>ALONSO OJEDA AWAD<\/strong><\/p>\n<p><strong>Vicepresidente del Comit\u00e9 Permanente de Defensa de los Derechos Humanos. (CPDH)<\/strong> <\/p>\n","protected":false},"excerpt":{"rendered":"<p>Los colombianos fuimos sorprendidos por las noticias de una reuni\u00f3n extra\u00f1a y positiva que se llev\u00f3 a cabo, el 19 de julio, entre importantes exjefes paramilitares y miembros de la direcci\u00f3n de las desarmadas Farc Ep. Esta reuni\u00f3n convocada con la ayuda del emblem\u00e1tico sacerdote comprometido con la Paz, el jesuita Francisco de Roux y &hellip;<\/p>\n","protected":false},"author":1,"featured_media":30290,"comment_status":"open","ping_status":"open","sticky":false,"template":"","format":"standard","meta":{"footnotes":""},"categories":[14],"tags":[1004,3733,1874,1521],"class_list":["post-30289","post","type-post","status-publish","format-standard","has-post-thumbnail","hentry","category-articulistas","tag-alonso-ojeda-awad","tag-auc","tag-farc","tag-la-paz-en-colombia"],"_links":{"self":[{"href":"https:\/\/contraluzcucuta.co\/index.php?rest_route=\/wp\/v2\/posts\/30289","targetHints":{"allow":["GET"]}}],"collection":[{"href":"https:\/\/contraluzcucuta.co\/index.php?rest_route=\/wp\/v2\/posts"}],"about":[{"href":"https:\/\/contraluzcucuta.co\/index.php?rest_route=\/wp\/v2\/types\/post"}],"author":[{"embeddable":true,"href":"https:\/\/contraluzcucuta.co\/index.php?rest_route=\/wp\/v2\/users\/1"}],"replies":[{"embeddable":true,"href":"https:\/\/contraluzcucuta.co\/index.php?rest_route=%2Fwp%2Fv2%2Fcomments&post=30289"}],"version-history":[{"count":1,"href":"https:\/\/contraluzcucuta.co\/index.php?rest_route=\/wp\/v2\/posts\/30289\/revisions"}],"predecessor-version":[{"id":30291,"href":"https:\/\/contraluzcucuta.co\/index.php?rest_route=\/wp\/v2\/posts\/30289\/revisions\/30291"}],"wp:featuredmedia":[{"embeddable":true,"href":"https:\/\/contraluzcucuta.co\/index.php?rest_route=\/wp\/v2\/media\/30290"}],"wp:attachment":[{"href":"https:\/\/contraluzcucuta.co\/index.php?rest_route=%2Fwp%2Fv2%2Fmedia&parent=30289"}],"wp:term":[{"taxonomy":"category","embeddable":true,"href":"https:\/\/contraluzcucuta.co\/index.php?rest_route=%2Fwp%2Fv2%2Fcategories&post=30289"},{"taxonomy":"post_tag","embeddable":true,"href":"https:\/\/contraluzcucuta.co\/index.php?rest_route=%2Fwp%2Fv2%2Ftags&post=30289"}],"curies":[{"name":"wp","href":"https:\/\/api.w.org\/{rel}","templated":true}]}}