{"id":30283,"date":"2017-07-30T16:55:13","date_gmt":"2017-07-30T21:55:13","guid":{"rendered":"http:\/\/contraluzcucuta.co\/?p=30283"},"modified":"2017-07-30T16:55:13","modified_gmt":"2017-07-30T21:55:13","slug":"crisis-en-la-frontera-flujo-de-venezolanos-disminuyo-en-70-por-ciento","status":"publish","type":"post","link":"https:\/\/contraluzcucuta.co\/?p=30283","title":{"rendered":"CRISIS EN LA FRONTERA. Flujo de venezolanos disminuy\u00f3 en 70 por ciento"},"content":{"rendered":"<p><strong>C\u00daCUTA.-<\/strong> La situaci\u00f3n en la frontera colombo-venezolana, entre s\u00e1bado y domingo, trascurri\u00f3 en normalidad. Se mantuvieron activos los planes de contingencia local y departamental, y no hubo incidentes. El parte de las autoridades civiles nacionales, regionales y municipales fue de tranquilidad. En el fin de semana baj\u00f3 el flujo de venezolanos.<\/p>\n<p>El director de la Unidad Nacional para la Gesti\u00f3n del Riesgo de Desastres, Carlos Iv\u00e1n M\u00e1rquez, acompa\u00f1\u00f3 al gobernador William Villamizar y al alcalde C\u00e9sar Rojas, en la gesti\u00f3n para atender a los ciudadanos que ingresan y salen del pa\u00eds por los puentes internacionales.<\/p>\n<p>Los voceros oficiales mantuvieron el monitoreo enfocado hacia la poblaci\u00f3n vulnerable, representada en los ni\u00f1os y los adultos mayores. &nbsp;El Ministerio de Transporte enviar\u00e1 a un funcionario especializado para facilitar las rutas que deben ponerse en marcha para la movilizaci\u00f3n de pasajeros.<\/p>\n<p>\u201cEn C\u00facuta podemos sentir que lo que ocurre en Venezuela no ha afectado al departamento ni a la ciudad\u201d, dijo Carlos Iv\u00e1n M\u00e1rquez.<\/p>\n<p>Este domingo, se entregaron detalles del an\u00e1lisis sobre la situaci\u00f3n que se vive en la frontera, luego de la llegada de miles de venezolanos y colombianos a ra\u00edz de las decisiones asumidas por el gobierno bolivariano.<\/p>\n<p>Entre las conclusiones entregadas est\u00e1n:<\/p>\n<p>1.- El tr\u00e1nsito de personas disminuy\u00f3 en 70 por ciento<\/p>\n<p>2.- En los \u00faltimos d\u00edas han ingresado 10.000 venezolanos y colombianos que tienen como destino a C\u00facuta, Villa del Rosario y otras ciudades.<\/p>\n<p>3.- La posibilidad de trabajar con empresas de transporte para que salgan desde el puente internacional Sim\u00f3n Bol\u00edvar.<\/p>\n<p>4.- Preservar el espacio p\u00fablico.<\/p>\n<p>5.- Acompa\u00f1amiento del Ministerio de Transporte para la toma de decisiones con relaci\u00f3n al transporte que sale desde la Terminal de C\u00facuta.<\/p>\n<p>6.- Tener en cuenta al comercio, la educaci\u00f3n, el orden p\u00fablico y la lucha contra el contrabando.<\/p>\n<p>7.- Un funcionario del Instituto Colombiano del Bienestar Familiar llegar\u00e1 a C\u00facuta para trabajar en estrategias y acciones para la atenci\u00f3n de los menores de edad que se encuentran en parques y calles. <\/p>\n","protected":false},"excerpt":{"rendered":"<p>C\u00daCUTA.- La situaci\u00f3n en la frontera colombo-venezolana, entre s\u00e1bado y domingo, trascurri\u00f3 en normalidad. Se mantuvieron activos los planes de contingencia local y departamental, y no hubo incidentes. El parte de las autoridades civiles nacionales, regionales y municipales fue de tranquilidad. En el fin de semana baj\u00f3 el flujo de venezolanos. El director de la &hellip;<\/p>\n","protected":false},"author":1,"featured_media":30284,"comment_status":"open","ping_status":"open","sticky":false,"template":"","format":"standard","meta":{"footnotes":""},"categories":[1326,4],"tags":[3732,2483,1164],"class_list":["post-30283","post","type-post","status-publish","format-standard","has-post-thumbnail","hentry","category-crisis-en-venezuela-2","category-barra","tag-constituyente-en-venezuela","tag-crisis-en-la-frontera","tag-crisis-en-venezuela"],"_links":{"self":[{"href":"https:\/\/contraluzcucuta.co\/index.php?rest_route=\/wp\/v2\/posts\/30283","targetHints":{"allow":["GET"]}}],"collection":[{"href":"https:\/\/contraluzcucuta.co\/index.php?rest_route=\/wp\/v2\/posts"}],"about":[{"href":"https:\/\/contraluzcucuta.co\/index.php?rest_route=\/wp\/v2\/types\/post"}],"author":[{"embeddable":true,"href":"https:\/\/contraluzcucuta.co\/index.php?rest_route=\/wp\/v2\/users\/1"}],"replies":[{"embeddable":true,"href":"https:\/\/contraluzcucuta.co\/index.php?rest_route=%2Fwp%2Fv2%2Fcomments&post=30283"}],"version-history":[{"count":1,"href":"https:\/\/contraluzcucuta.co\/index.php?rest_route=\/wp\/v2\/posts\/30283\/revisions"}],"predecessor-version":[{"id":30285,"href":"https:\/\/contraluzcucuta.co\/index.php?rest_route=\/wp\/v2\/posts\/30283\/revisions\/30285"}],"wp:featuredmedia":[{"embeddable":true,"href":"https:\/\/contraluzcucuta.co\/index.php?rest_route=\/wp\/v2\/media\/30284"}],"wp:attachment":[{"href":"https:\/\/contraluzcucuta.co\/index.php?rest_route=%2Fwp%2Fv2%2Fmedia&parent=30283"}],"wp:term":[{"taxonomy":"category","embeddable":true,"href":"https:\/\/contraluzcucuta.co\/index.php?rest_route=%2Fwp%2Fv2%2Fcategories&post=30283"},{"taxonomy":"post_tag","embeddable":true,"href":"https:\/\/contraluzcucuta.co\/index.php?rest_route=%2Fwp%2Fv2%2Ftags&post=30283"}],"curies":[{"name":"wp","href":"https:\/\/api.w.org\/{rel}","templated":true}]}}