{"id":30280,"date":"2017-07-30T16:09:26","date_gmt":"2017-07-30T21:09:26","guid":{"rendered":"http:\/\/contraluzcucuta.co\/?p=30280"},"modified":"2017-07-30T16:09:26","modified_gmt":"2017-07-30T21:09:26","slug":"talentos-escondidos-hernando-y-michel-viven-para-cumplir-sus-suenos","status":"publish","type":"post","link":"https:\/\/contraluzcucuta.co\/?p=30280","title":{"rendered":"TALENTOS ESCONDIDOS. Hernando y Michel viven para cumplir sus sue\u00f1os \u00a0"},"content":{"rendered":"<p><strong>C\u00daCUTA.-<\/strong> Hernando Acu\u00f1a y Michel Rodr\u00edguez son dos talentos escondidos que buscan oportunidades para mostrar las cualidades art\u00edsticas con las que llegaron al mundo. \u00c9l viene de San Cayetano y le gusta el canto; ella es de Bucaramanga y prefiere el teatro. Hernando toca guitarra; Michel interpreta el viol\u00f3n. Los dos se han sometido al concurso que busca visibilizar a los j\u00f3venes con aptitudes para el arte, en cualquiera de las especialidades.<\/p>\n<p><strong>HERNANDO<\/strong>. Estoy en el periodo de grabaci\u00f3n, pero por falta de dinero no he podido salir adelante.<\/p>\n<p><strong>MICHEL<\/strong>. Desde peque\u00f1a siempre me ha apasionado el teatro. Es una manera de expresarse siendo una misma y a la vez que representa a un personaje.<\/p>\n<p><strong>HERNANDO.<\/strong> Canto especialmente vallenato y balada pop. Aunque ahora me estoy yendo por el reguet\u00f3n.<\/p>\n<p><strong>MICHEL.<\/strong> En el grupo en el que estoy hemos trabajado unas cuatro obras. En Bucaramanga hab\u00eda trabajado en varias obras.<\/p>\n<p><strong>HERNANDO.<\/strong> Hemos pasado tres filtros en el concurso Talentos Escondidos, que promueve la secretar\u00eda del Cultura del Departamento.<\/p>\n<p><strong>MICHEL.<\/strong> Me desempe\u00f1o en cualquiera de las ramas del teatro. Pero en la comedia me siento mejor.<\/p>\n<p><strong>HERNANDO<\/strong>. Llegamos varios compa\u00f1eros y, lastimosamente, algunos se han quedado. Da tristeza por ellos, porque tambi\u00e9n se esfuerzan por salir adelante. Del grupo nuestro se quedaron siete j\u00f3venes.<\/p>\n<p><strong>MICHEL.<\/strong> En Semana Santa interpret\u00e9 al diablo. Me gusto, porque era el toque malo de la obra. Le dec\u00eda a Jes\u00fas que no pod\u00eda cargar con la cruz, que era imposible.<\/p>\n<p><strong>HERNANDO.<\/strong> En San Cayetano, el respaldo para los j\u00f3venes est\u00e1 p\u00e9simo.<\/p>\n<p><strong>MICHEL.<\/strong> En el colegio no tenemos profesor de teatro. Pero la parroquia Mar\u00eda Auxiliadora no apoya, no deja un espacio para ensayar y la asociaci\u00f3n J\u00f3venes Talentos Escondidos no ha brindado el respaldo anhelado.<\/p>\n<p><strong>HERNANDO<\/strong>. Hemos hecho presentaciones en San Cayetano, en Oca\u00f1a y Pamplona.<\/p>\n<p><strong>MICHEL.<\/strong> En este momento estoy montando con el equipo literario de C\u00facuta una obra que vamos a presentar en varios lugares.<\/p>\n<p><strong>HERNANDO.<\/strong> Tuve la oportunidad de ir a Leticia (Amazonas) a un concurso y qued\u00e9 tercero.<\/p>\n<p><strong>MICHEL<\/strong>. Tambi\u00e9n toco cuatro y viol\u00edn. Al final de la obra toco una pieza con el viol\u00edn.<\/p>\n<p><strong>HERNANDO<\/strong>. Me present\u00e9 en \u2018Yo me llamo\u2019, para representar a Kaleth Morales. Se presentaron 10.700 concursantes &nbsp;y se desperdicia mucho talento.<\/p>\n<p><strong>MICHEL.<\/strong> En C\u00facuta, recibimos apoyo para estar en el festival de Talentos Escondidos.<\/p>\n<p><strong>HERNANDO<\/strong>. Mi proyecto es ser grande y ayudar a la gente. Eso es lo que m\u00e1s quiero.<\/p>\n<p><strong>MICHEL.<\/strong> Mi sue\u00f1o es estudiar teatro, viajar y representar a Colombia en festivales mundiales.<\/p>\n<p><strong>RAFAEL ANTONIO PAB\u00d3N<\/strong><\/p>\n<p><strong><a href=\"mailto:rafaelpabon58@hotmail.com\">rafaelpabon58@hotmail.com<\/a><\/strong> <\/p>\n","protected":false},"excerpt":{"rendered":"<p>C\u00daCUTA.- Hernando Acu\u00f1a y Michel Rodr\u00edguez son dos talentos escondidos que buscan oportunidades para mostrar las cualidades art\u00edsticas con las que llegaron al mundo. \u00c9l viene de San Cayetano y le gusta el canto; ella es de Bucaramanga y prefiere el teatro. Hernando toca guitarra; Michel interpreta el viol\u00f3n. Los dos se han sometido al &hellip;<\/p>\n","protected":false},"author":1,"featured_media":30281,"comment_status":"open","ping_status":"open","sticky":false,"template":"","format":"standard","meta":{"footnotes":""},"categories":[17,10,4],"tags":[3731],"class_list":["post-30280","post","type-post","status-publish","format-standard","has-post-thumbnail","hentry","category-conversaciones-a-contraluz","category-cronicas","category-barra","tag-talentos-escondidos"],"_links":{"self":[{"href":"https:\/\/contraluzcucuta.co\/index.php?rest_route=\/wp\/v2\/posts\/30280","targetHints":{"allow":["GET"]}}],"collection":[{"href":"https:\/\/contraluzcucuta.co\/index.php?rest_route=\/wp\/v2\/posts"}],"about":[{"href":"https:\/\/contraluzcucuta.co\/index.php?rest_route=\/wp\/v2\/types\/post"}],"author":[{"embeddable":true,"href":"https:\/\/contraluzcucuta.co\/index.php?rest_route=\/wp\/v2\/users\/1"}],"replies":[{"embeddable":true,"href":"https:\/\/contraluzcucuta.co\/index.php?rest_route=%2Fwp%2Fv2%2Fcomments&post=30280"}],"version-history":[{"count":1,"href":"https:\/\/contraluzcucuta.co\/index.php?rest_route=\/wp\/v2\/posts\/30280\/revisions"}],"predecessor-version":[{"id":30282,"href":"https:\/\/contraluzcucuta.co\/index.php?rest_route=\/wp\/v2\/posts\/30280\/revisions\/30282"}],"wp:featuredmedia":[{"embeddable":true,"href":"https:\/\/contraluzcucuta.co\/index.php?rest_route=\/wp\/v2\/media\/30281"}],"wp:attachment":[{"href":"https:\/\/contraluzcucuta.co\/index.php?rest_route=%2Fwp%2Fv2%2Fmedia&parent=30280"}],"wp:term":[{"taxonomy":"category","embeddable":true,"href":"https:\/\/contraluzcucuta.co\/index.php?rest_route=%2Fwp%2Fv2%2Fcategories&post=30280"},{"taxonomy":"post_tag","embeddable":true,"href":"https:\/\/contraluzcucuta.co\/index.php?rest_route=%2Fwp%2Fv2%2Ftags&post=30280"}],"curies":[{"name":"wp","href":"https:\/\/api.w.org\/{rel}","templated":true}]}}