{"id":30267,"date":"2017-07-27T05:52:50","date_gmt":"2017-07-27T10:52:50","guid":{"rendered":"http:\/\/contraluzcucuta.co\/?p=30267"},"modified":"2017-07-27T05:52:50","modified_gmt":"2017-07-27T10:52:50","slug":"notas-al-margen-las-fronteras-y-el-nuevo-despertar-de-venezuela","status":"publish","type":"post","link":"https:\/\/contraluzcucuta.co\/?p=30267","title":{"rendered":"NOTAS AL MARGEN. Las fronteras y el nuevo despertar de Venezuela"},"content":{"rendered":"<p>1.- Despu\u00e9s&nbsp; del sondeo electoral del 16 de julio, lo que resta del mes ser\u00e1 de especial importancia para el pueblo venezolano, por lo que representa y sintetiza la definici\u00f3n y el apoyo de lo que se quiere como gobierno y el apoyo y el respaldo que a lo institucional debe d\u00e1rsele, dada la compleja y dif\u00edcil situaci\u00f3n que en lo socioecon\u00f3mico y pol\u00edtico experimentan la naci\u00f3n y su gente.<\/p>\n<p>El enfoque y el an\u00e1lisis deben ser \u2013 sin equ\u00edvocos &#8211;&nbsp; verdaderamente juiciosos y responsables, porque est\u00e1 en juego no solo el Estado de Derecho y lo institucional en general, sino la tranquilidad, la paz y el desarrollo de las dem\u00e1s zonas y \u00e1reas de la Rep\u00fablica.&nbsp;<\/p>\n<p>2.- Quienes desde la frontera observamos el discurrir de los hechos, pero tambi\u00e9n captamos \u00edndices, promedios y balances que vienen divulgando los sectores p\u00fablico y privado, y los estados monetarios y financieros que presionan y acosan el desenvolvimiento industrial, comercial, agr\u00edcola, &nbsp;minero y petrolero, en particular, sabemos que la tarea por cumplir, por quienes quieran asumir el compromiso del poder, no es una gesti\u00f3n f\u00e1cil, porque Venezuela se ha desarticulado y es necesario un proceso de reunificaci\u00f3n y claro concepto de la unidad nacional, para obtener lo que se requiere y con urgencia se necesita, o sea el trabajar por el bien y el progreso de los venezolanos.<\/p>\n<p>3.- Desde el origen de&nbsp; los primeros movimientos integracionistas en Am\u00e9rica y en raz\u00f3n a los v\u00ednculos de fraternidad y trayectoria hist\u00f3rica que nos unen, no pocos hemos&nbsp; planteado y sostenido la conveniencia de una labor compartida y con visi\u00f3n de futuro, para vigorizar esfuerzos, internacionalizar los proyectos&nbsp; y hacer de la correspondencia mutua, una posibilidad de alto contenido.<\/p>\n<p>Por eso, anotar que Venezuela y Colombia pueden constituir una opci\u00f3n de gran alcance, es un empe\u00f1o que no debe olvidarse. Y menos cuando cada paso y acci\u00f3n deben ser firmes y trascendentes, por los compromisos y los retos que surgen en el plano internacional y en lo alusivo a generaci\u00f3n de empleo, competitividad productiva, apoyos financieros, innovaci\u00f3n, capacitaci\u00f3n, industrializaci\u00f3n y aprovechamiento de recursos.<\/p>\n<p>S\u00ed, por eso desde la frontera y propuesto a las canciller\u00edas de Venezuela y Colombia se halla la creaci\u00f3n de Parques Industriales y Tecnol\u00f3gicos, Zonas Francas Especializadas y la Zona Aduanera para Maquilas, amparados, por incentivos, est\u00edmulos, mecanismos bilaterales y mejores servicios b\u00e1sicos para hacer m\u00e1s atrayentes y productivas las iniciativas y proyectos.<\/p>\n<p>Lo que m\u00e1s necesitamos son fuentes de empleo, como lo advierten las fronteras y lo proclaman \u2013 desde el interior &#8211; las dos naciones y Estados hermanos.<\/p>\n<p><strong>JOS\u00c9 NEIRA REY <\/strong><\/p>\n<p><a href=\"mailto:jneirarey@hotmail.com\">jneirarey@hotmail.com<\/a><\/p>\n<p>&nbsp; <\/p>\n","protected":false},"excerpt":{"rendered":"<p>1.- Despu\u00e9s&nbsp; del sondeo electoral del 16 de julio, lo que resta del mes ser\u00e1 de especial importancia para el pueblo venezolano, por lo que representa y sintetiza la definici\u00f3n y el apoyo de lo que se quiere como gobierno y el apoyo y el respaldo que a lo institucional debe d\u00e1rsele, dada la compleja &hellip;<\/p>\n","protected":false},"author":1,"featured_media":30268,"comment_status":"open","ping_status":"open","sticky":false,"template":"","format":"standard","meta":{"footnotes":""},"categories":[14],"tags":[2749,2483,382,956],"class_list":["post-30267","post","type-post","status-publish","format-standard","has-post-thumbnail","hentry","category-articulistas","tag-articulistas-contraluz","tag-crisis-en-la-frontera","tag-jose-neira","tag-notas-al-margen"],"_links":{"self":[{"href":"https:\/\/contraluzcucuta.co\/index.php?rest_route=\/wp\/v2\/posts\/30267","targetHints":{"allow":["GET"]}}],"collection":[{"href":"https:\/\/contraluzcucuta.co\/index.php?rest_route=\/wp\/v2\/posts"}],"about":[{"href":"https:\/\/contraluzcucuta.co\/index.php?rest_route=\/wp\/v2\/types\/post"}],"author":[{"embeddable":true,"href":"https:\/\/contraluzcucuta.co\/index.php?rest_route=\/wp\/v2\/users\/1"}],"replies":[{"embeddable":true,"href":"https:\/\/contraluzcucuta.co\/index.php?rest_route=%2Fwp%2Fv2%2Fcomments&post=30267"}],"version-history":[{"count":1,"href":"https:\/\/contraluzcucuta.co\/index.php?rest_route=\/wp\/v2\/posts\/30267\/revisions"}],"predecessor-version":[{"id":30269,"href":"https:\/\/contraluzcucuta.co\/index.php?rest_route=\/wp\/v2\/posts\/30267\/revisions\/30269"}],"wp:featuredmedia":[{"embeddable":true,"href":"https:\/\/contraluzcucuta.co\/index.php?rest_route=\/wp\/v2\/media\/30268"}],"wp:attachment":[{"href":"https:\/\/contraluzcucuta.co\/index.php?rest_route=%2Fwp%2Fv2%2Fmedia&parent=30267"}],"wp:term":[{"taxonomy":"category","embeddable":true,"href":"https:\/\/contraluzcucuta.co\/index.php?rest_route=%2Fwp%2Fv2%2Fcategories&post=30267"},{"taxonomy":"post_tag","embeddable":true,"href":"https:\/\/contraluzcucuta.co\/index.php?rest_route=%2Fwp%2Fv2%2Ftags&post=30267"}],"curies":[{"name":"wp","href":"https:\/\/api.w.org\/{rel}","templated":true}]}}