{"id":30263,"date":"2017-07-27T05:42:47","date_gmt":"2017-07-27T10:42:47","guid":{"rendered":"http:\/\/contraluzcucuta.co\/?p=30263"},"modified":"2017-07-27T05:42:47","modified_gmt":"2017-07-27T10:42:47","slug":"opinion-no-mas-asesinatos","status":"publish","type":"post","link":"https:\/\/contraluzcucuta.co\/?p=30263","title":{"rendered":"OPINI\u00d3N. No m\u00e1s asesinatos"},"content":{"rendered":"<p>Guardo profunda admiraci\u00f3n y cari\u00f1o por los &nbsp;l\u00edderes sociales, as\u00ed como por los&nbsp; defensores de los derechos humanos. Los he visto trabajar con m\u00edstica y fe en su causa,&nbsp; con verdadera pasi\u00f3n&nbsp; espiritual. Hacen su trabajo,&nbsp; como hormigas, en las m\u00e1s duras y dif\u00edciles situaciones. No importa si hay invierno cruel o veranos caniculares. Se riegan a lo ancho y largo del pa\u00eds para llevar la creencia de que es posible construir otro mundo, m\u00e1s humano y solidario del que nos toc\u00f3 vivir. Ense\u00f1an la democracia como la vivencia&nbsp; pol\u00edtica que nos puede sacar del pantanero social en el&nbsp; que hemos ca\u00eddo. En fin, son los portadores de un nuevo orden, en el que los derechos humanos se convierten en verdaderos estandartes de los nuevos y esperanzadores tiempos.<\/p>\n<p>Por estas razones, no puedo entender por qu\u00e9 \u2018la Mano Negra\u2019, esa organizaci\u00f3n tenebrosa que se mueve con patente de corso por el pa\u00eds y que asesina a diestra y siniestra, ha decidido ponerlos en la mira central de su pavorosa org\u00eda&nbsp; de sangre. Van cayendo l\u00edderes en diferentes&nbsp; sitios de la geograf\u00eda nacional sin que nuestras autoridades puedan detenerlos, ponerlos a buen recaudo y hacer caer sobre los asesinos todo el peso de la ley, ojal\u00e1 con decisi\u00f3n ejemplarizante.&nbsp;&nbsp;<\/p>\n<p>Ante la arremetida de los grupos criminales contra los l\u00edderes sociales,&nbsp; el ministro del interior&nbsp; Guillermo Rivera expres\u00f3 la decisi\u00f3n del Gobierno de perseguir y judicializar a los responsables de amenazar, intimidar y asesinar a los referidos&nbsp; l\u00edderes&nbsp; y defensores. Asegur\u00f3 que esta persecuci\u00f3n criminal&nbsp; es&nbsp; causada por el trabajo que hacen como&nbsp; defensores de derechos humanos y&nbsp; promotores del proceso de paz. Pero la masacre contin\u00faa con ribetes de genocidio y preocupa ante las evidencias de estar al frente de un nuevo exterminio como el que sufri\u00f3 la Uni\u00f3n Patri\u00f3tica.&nbsp;<\/p>\n<p>Consultados los expertos en el tema, que hacen un seguimiento cotidiano y puntual de esta grave violaci\u00f3n a la vida y a los derechos humanos,&nbsp; estas son las cifras aproximadas&nbsp; de lo que ocurre en el pa\u00eds:&nbsp;<\/p>\n<ul>\n<li>\u00bfQui\u00e9nes son los l\u00edderes asesinados? La respuesta porcentual es la siguiente: 88 % son hombres y 12 % mujeres.<\/li>\n<li>\u00bfA qu\u00e9 sectores sociales pertenecen? Las estad\u00edsticas se comportan as\u00ed: 51 % integrantes de asociaciones rurales campesinas; 18 % ind\u00edgenas; 10 % reclamantes de tierras, y 8 % afrocolombianos. El tema de la lucha por tierra est\u00e1 \u00edntimamente unido a los homicidios.&nbsp; Es claro que el inter\u00e9s por adquirir o defender su tierra, es causa central de muerte o asesinato.<\/li>\n<li>\u00bfCu\u00e1les son las organizaciones m\u00e1s afectadas? El resultado es el siguiente: 76 % municipales; 16 % departamentales y 7 % nacionales.<\/li>\n<li>\u00bfEn qu\u00e9 departamentos ocurre mayor n\u00famero de asesinatos? Las cifras se reportan as\u00ed: Antioquia, primer puesto; le siguen Cauca, Valle, C\u00f3rdoba y Nari\u00f1o.&nbsp; Los municipios donde m\u00e1s casos se reportan son Apartado (Antioquia), Caloto (Cauca), Tierra Alta (C\u00f3rdoba), Buenaventura (Valle del Cauca) y&nbsp; Tumaco (Nari\u00f1o).&nbsp; Datos tomados de Bit\u00e1cora. Observatorio del Ministerio del Interior. 28\/13 de julio de 2017.<\/li>\n<\/ul>\n<p>Los estudiosos del tema logran demostrar que es un fen\u00f3meno reiterativo, presente en a\u00f1os anteriores y demuestran que el a\u00f1o con m\u00e1s asesinatos fue 2013, le siguen 2014, 2016 y 2011.<\/p>\n<p>Seg\u00fan la Fundaci\u00f3n Paz y Reconciliaci\u00f3n en el informe semestral \u00bfC\u00f3mo va la paz? presentado recientemente, cada cuatro d\u00edas se comete un asesinato contra un l\u00edder social en Colombia y cada dos d\u00edas hay un nuevo amenazado. Cierra el informe diciendo que en lo que va&nbsp; corrido&nbsp; del 2017 suman 54 asesinatos.<\/p>\n<p>Esta t\u00e9trica cifra se increment\u00f3 en la&nbsp; \u00faltima quincena con la muerte de dos l\u00edderes sociales: Ezequiel Rangel, en el corregimiento Guamalito (El Carmen &#8211; Norte de Santander), perteneciente&nbsp; a la Asociaci\u00f3n Campesina de El Catatumbo (Ascamcat), del movimiento pol\u00edtico y social Marcha Patri\u00f3tica. El otro asesinado fue el del l\u00edder afrodescendiente H\u00e9ctor William&nbsp; Mina, ocurrido en el&nbsp; norte del Cauca y perteneciente a Marcha Patri\u00f3tica.<\/p>\n<p>Como sociedad civil no podemos permitir esta sucesi\u00f3n&nbsp; macabra y escalofriante de asesinatos de l\u00edderes sociales, muchos de los cuales&nbsp; se presentan como cr\u00f3nicas de asesinatos anunciados. Es necesario ponerlo en evidencia cada vez m\u00e1s,&nbsp; expresarlo por distintos medios y en todos los espacios posibles, con el fin de hacer conciencia de la alta p\u00e9rdida, en t\u00e9rminos de costos sociales y dolorosos para la sociedad colombiana.<\/p>\n<p>Corresponde al alto Gobierno, a las autoridades militares, a la justicia y a la Fiscal\u00eda General de Naci\u00f3n dar el golpe de ley contra esos grupos de asesinos que rompen el&nbsp; coraz\u00f3n bueno de los l\u00edderes sociales, antes de que sea&nbsp; demasiado tarde.<\/p>\n<p><strong>ALONSO OJEDA AWAD<\/strong><\/p>\n<p><strong>Vicepresidente del Comit\u00e9 Permanente de Defensa de los DD.HH. <\/strong> <\/p>\n","protected":false},"excerpt":{"rendered":"<p>Guardo profunda admiraci\u00f3n y cari\u00f1o por los &nbsp;l\u00edderes sociales, as\u00ed como por los&nbsp; defensores de los derechos humanos. Los he visto trabajar con m\u00edstica y fe en su causa,&nbsp; con verdadera pasi\u00f3n&nbsp; espiritual. Hacen su trabajo,&nbsp; como hormigas, en las m\u00e1s duras y dif\u00edciles situaciones. No importa si hay invierno cruel o veranos caniculares. Se &hellip;<\/p>\n","protected":false},"author":1,"featured_media":30260,"comment_status":"open","ping_status":"open","sticky":false,"template":"","format":"standard","meta":{"footnotes":""},"categories":[14],"tags":[1004,1908],"class_list":["post-30263","post","type-post","status-publish","format-standard","has-post-thumbnail","hentry","category-articulistas","tag-alonso-ojeda-awad","tag-defensores-de-derechos-humanos"],"_links":{"self":[{"href":"https:\/\/contraluzcucuta.co\/index.php?rest_route=\/wp\/v2\/posts\/30263","targetHints":{"allow":["GET"]}}],"collection":[{"href":"https:\/\/contraluzcucuta.co\/index.php?rest_route=\/wp\/v2\/posts"}],"about":[{"href":"https:\/\/contraluzcucuta.co\/index.php?rest_route=\/wp\/v2\/types\/post"}],"author":[{"embeddable":true,"href":"https:\/\/contraluzcucuta.co\/index.php?rest_route=\/wp\/v2\/users\/1"}],"replies":[{"embeddable":true,"href":"https:\/\/contraluzcucuta.co\/index.php?rest_route=%2Fwp%2Fv2%2Fcomments&post=30263"}],"version-history":[{"count":1,"href":"https:\/\/contraluzcucuta.co\/index.php?rest_route=\/wp\/v2\/posts\/30263\/revisions"}],"predecessor-version":[{"id":30264,"href":"https:\/\/contraluzcucuta.co\/index.php?rest_route=\/wp\/v2\/posts\/30263\/revisions\/30264"}],"wp:featuredmedia":[{"embeddable":true,"href":"https:\/\/contraluzcucuta.co\/index.php?rest_route=\/wp\/v2\/media\/30260"}],"wp:attachment":[{"href":"https:\/\/contraluzcucuta.co\/index.php?rest_route=%2Fwp%2Fv2%2Fmedia&parent=30263"}],"wp:term":[{"taxonomy":"category","embeddable":true,"href":"https:\/\/contraluzcucuta.co\/index.php?rest_route=%2Fwp%2Fv2%2Fcategories&post=30263"},{"taxonomy":"post_tag","embeddable":true,"href":"https:\/\/contraluzcucuta.co\/index.php?rest_route=%2Fwp%2Fv2%2Ftags&post=30263"}],"curies":[{"name":"wp","href":"https:\/\/api.w.org\/{rel}","templated":true}]}}