{"id":30253,"date":"2017-07-26T21:44:15","date_gmt":"2017-07-27T02:44:15","guid":{"rendered":"http:\/\/contraluzcucuta.co\/?p=30253"},"modified":"2017-07-26T21:44:15","modified_gmt":"2017-07-27T02:44:15","slug":"senorita-cucuta-lina-daza-duele-el-sufrimiento-de-los-venezolanos","status":"publish","type":"post","link":"https:\/\/contraluzcucuta.co\/?p=30253","title":{"rendered":"SE\u00d1ORITA C\u00daCUTA. Lina Daza, me duele el sufrimiento de los venezolanos"},"content":{"rendered":"<p style=\"padding-left: 30px;\"><strong>C\u00daCUTA.-<\/strong> La Feria de C\u00facuta 2017 dej\u00f3 a Lina Daniela Daza como la nueva soberana de la belleza local. La preparaci\u00f3n para alcanzar este t\u00edtulo comenz\u00f3 desde cuando la eligieron reina de la Comuna 3. En la competencia por la corona participaron representantes de las 10 comunas y la candidata de los corregimientos.<\/p>\n<p>Ahora, con el t\u00edtulo de Se\u00f1orita C\u00facuta, es consciente de que requiere mayor preparaci\u00f3n en expresi\u00f3n corporal, pasarela y c\u00f3mo hablar en p\u00fablico, entre otras habilidades. Tambi\u00e9n, la perseverancia que la caracteriza la hace pensar que est\u00e1 para grandes logros en este campo de la belleza.<\/p>\n<p>\u201cEs un compromiso que adquiero con la ciudad para representarla en el reinado departamental y que los cucute\u00f1os se sientan orgullosos\u201d.<\/p>\n<p><strong>\u00bfQui\u00e9n es la Se\u00f1orita C\u00facuta?<\/strong><\/p>\n<ul>\n<li>Soy mujer carism\u00e1tica, llena de energ\u00eda, con aptitudes y capacidades para asumir el compromiso de representar a la mujer cucute\u00f1a.<\/li>\n<\/ul>\n<p><strong>\u00bfCu\u00e1les son las cualidades que le valieron para ser elegida reina de C\u00facuta?<\/strong><\/p>\n<ul>\n<li>Una es la perseverancia. Creo que lo que me propongo lo logro y me considero perseverante. Me propuse obtener el t\u00edtulo, luch\u00e9 por conseguirlo y ahora lo tengo.<\/li>\n<\/ul>\n<p><strong>\u00bfCu\u00e1l ser\u00e1 su trabajo por los cucute\u00f1os?<\/strong><\/p>\n<ul>\n<li>Voy a estar de la mano con la Alcald\u00eda y voy a representarlos en todas las actividades a las que me inviten y en las que me corresponda participar. La idea es que el trabajo sea satisfactorio para los cucute\u00f1os, porque aspiro a representarlos excelentemente en cualquier situaci\u00f3n.<\/li>\n<\/ul>\n<p><strong>\u00bfVa a trabajar por una comunidad, en espec\u00edfico?<\/strong><\/p>\n<ul>\n<li>Eso se ha venido trabajando con la Alcald\u00eda y el alcalde C\u00e9sar Rojas ha hecho muchas obras. De la mano con \u00e9l quiero hacer este a\u00f1o de reinado y acompa\u00f1arlo en todas las actividades y estar al tanto de lo que suceda en el municipio.<\/li>\n<\/ul>\n<p><strong>\u00bfLa Se\u00f1orita C\u00facuta qu\u00e9 hace?<\/strong><\/p>\n<ul>\n<li>Soy estudiante de comunicaci\u00f3n social, en la Universidad Francisco de Paula Santander, quiero terminar mi carrera, ser gran periodista; tambi\u00e9n quiero terminar mi carrera de Derecho, y soy empresaria de calzado. Quiero que los cucute\u00f1os se sientan orgullosos de la reina que se escogi\u00f3.<\/li>\n<\/ul>\n<p><strong>\u00bfQu\u00e9 le duele de C\u00facuta?<\/strong><\/p>\n<ul>\n<li>Partiendo de que C\u00facuta es ciudad fronteriza me duele ver a los venezolanos sufriendo. Aunque los cucute\u00f1os tenemos gran capacidad para acoger a la gente y darle calor humano, y para ayudarla a que salga adelante.<\/li>\n<\/ul>\n<p><strong>\u00bfLe gusta la promesa de viajar a M\u00e9xico por cuenta del alcalde?<\/strong><\/p>\n<ul>\n<li>Estoy muy contenta. No me lo esperaba y estoy agradecida con los ofrecimientos del alcalde C\u00e9sar Rojas. Fue una gran sorpresa y con las compa\u00f1eras quedamos en un momento de tensi\u00f3n y en choque.<\/li>\n<\/ul>\n<p><strong>RAFAEL ANTONIO PAB\u00d3N<\/strong><\/p>\n<p><strong><a href=\"mailto:rafaelpabon58@hotmail.com\">rafaelpabon58@hotmail.com<\/a><\/strong><\/p>\n<p>&nbsp;<\/p>\n<p>&nbsp; <\/p>\n","protected":false},"excerpt":{"rendered":"<p>C\u00daCUTA.- La Feria de C\u00facuta 2017 dej\u00f3 a Lina Daniela Daza como la nueva soberana de la belleza local. La preparaci\u00f3n para alcanzar este t\u00edtulo comenz\u00f3 desde cuando la eligieron reina de la Comuna 3. En la competencia por la corona participaron representantes de las 10 comunas y la candidata de los corregimientos. Ahora, con &hellip;<\/p>\n","protected":false},"author":1,"featured_media":30254,"comment_status":"open","ping_status":"open","sticky":false,"template":"","format":"standard","meta":{"footnotes":""},"categories":[17,4],"tags":[226,3708,3724,3723],"class_list":["post-30253","post","type-post","status-publish","format-standard","has-post-thumbnail","hentry","category-conversaciones-a-contraluz","category-barra","tag-alcaldia-de-cucuta","tag-ferias-de-cucuta-2017","tag-lina-daza","tag-senorita-cucuta"],"_links":{"self":[{"href":"https:\/\/contraluzcucuta.co\/index.php?rest_route=\/wp\/v2\/posts\/30253","targetHints":{"allow":["GET"]}}],"collection":[{"href":"https:\/\/contraluzcucuta.co\/index.php?rest_route=\/wp\/v2\/posts"}],"about":[{"href":"https:\/\/contraluzcucuta.co\/index.php?rest_route=\/wp\/v2\/types\/post"}],"author":[{"embeddable":true,"href":"https:\/\/contraluzcucuta.co\/index.php?rest_route=\/wp\/v2\/users\/1"}],"replies":[{"embeddable":true,"href":"https:\/\/contraluzcucuta.co\/index.php?rest_route=%2Fwp%2Fv2%2Fcomments&post=30253"}],"version-history":[{"count":1,"href":"https:\/\/contraluzcucuta.co\/index.php?rest_route=\/wp\/v2\/posts\/30253\/revisions"}],"predecessor-version":[{"id":30255,"href":"https:\/\/contraluzcucuta.co\/index.php?rest_route=\/wp\/v2\/posts\/30253\/revisions\/30255"}],"wp:featuredmedia":[{"embeddable":true,"href":"https:\/\/contraluzcucuta.co\/index.php?rest_route=\/wp\/v2\/media\/30254"}],"wp:attachment":[{"href":"https:\/\/contraluzcucuta.co\/index.php?rest_route=%2Fwp%2Fv2%2Fmedia&parent=30253"}],"wp:term":[{"taxonomy":"category","embeddable":true,"href":"https:\/\/contraluzcucuta.co\/index.php?rest_route=%2Fwp%2Fv2%2Fcategories&post=30253"},{"taxonomy":"post_tag","embeddable":true,"href":"https:\/\/contraluzcucuta.co\/index.php?rest_route=%2Fwp%2Fv2%2Ftags&post=30253"}],"curies":[{"name":"wp","href":"https:\/\/api.w.org\/{rel}","templated":true}]}}