{"id":30225,"date":"2017-07-23T08:22:50","date_gmt":"2017-07-23T13:22:50","guid":{"rendered":"http:\/\/contraluzcucuta.co\/?p=30225"},"modified":"2017-07-23T08:22:50","modified_gmt":"2017-07-23T13:22:50","slug":"desde-afuera-para-este-sardinatense-enterarse-de-lo-que-pasa-en-cucuta-es-rutina-diaria","status":"publish","type":"post","link":"https:\/\/contraluzcucuta.co\/?p=30225","title":{"rendered":"DESDE AFUERA. Para este sardinatense enterarse de lo que pasa en C\u00facuta es rutina diaria"},"content":{"rendered":"<p style=\"padding-left: 30px;\">Isidro Lizarazo Ramos, de 56 a\u00f1os, viv\u00eda feliz en el corregimiento Las Mercedes (Sardinata). Trabajaba en la Alcald\u00eda y prestaba los servicios para la Umata. Eran tiempos de dominio guerrillero en ese municipio nortesantandereano.<\/p>\n<p>Un d\u00eda, la vida cambi\u00f3. Hizo un trabajo de sustituci\u00f3n de cultivos il\u00edcitos, con apoyo de la OEA y la ONU, y particip\u00f3 en la erradicaci\u00f3n de buena cantidad de matas de coca para remplazarlas por productos legales. Esa labor le caus\u00f3 inconvenientes con las Farc y lo declararon objetivo militar. Tom\u00f3 la decisi\u00f3n de desplazarse a C\u00facuta y buscar refugio en Canad\u00e1, donde le dieron asilo pol\u00edtico.<\/p>\n<p>Hoy, es supervisor de una producci\u00f3n de piment\u00f3n, vive en Surrey, Ciudad de British Columbia, Canad\u00e1. Lleva 10 a\u00f1os radicado en ese que no es su pueblo y donde extra\u00f1a a la gente de Las Mercedes y a sus amigos de C\u00facuta.<\/p>\n<p>El arraigo campesino no le ha dejado tener problemas con la alimentaci\u00f3n. En el mercado adquiere con facilidad productos colombianos y prepara los platos preferidos. \u201cHemos experimentado con comidas de otros pa\u00edses, tratamos de mezclar, pero mantenemos la costumbre de los productos nuestros\u201d.<\/p>\n<p>En ocasiones la soledad y la lejan\u00eda de la tierra madre las olvida con la visita a otra familia de las Mercedes, que vive en Vancouver, o a un amigo, en Quebec. En esos viajes encuentra que las diferencias entre C\u00facuta y esas ciudades son muchas. A pesar de que en Vancouver extra\u00f1a la cultura y las costumbres cucute\u00f1as, prefiere el nivel de vida y la seguridad que le ofrecen los canadienses.<\/p>\n<p>Al hacer las inevitables comparaciones, est\u00e1 seguro de que C\u00facuta podr\u00eda alcanzar ese nivel de desarrollo. Solo que los dirigentes, las familias y los gobiernos deben cambiar de actitud.<\/p>\n<p>No todo ha sido ha sido de \u2018color de rosas\u2019 para este sardinatense en el norte del continente. Ha vivido momentos dif\u00edciles y recordarlos le arrancan l\u00e1grimas. \u201cAqu\u00ed el ingl\u00e9s es la primera lengua. Habl\u00e1bamos espa\u00f1ol y unas cuantas palabras francesas, duramos tres semanas sufriendo. Est\u00e1bamos perdidos en una gran ciudad\u201d.<\/p>\n<p>En cambio, los momentos felices que ha vivido le hacen brillar la mirada. Y los tiene enumerados. Cuando los hijos aprendieron a hablar ingl\u00e9s y franc\u00e9s, &nbsp;cuando la hija termin\u00f3 el colegio y a los 16 a\u00f1os se emple\u00f3 en la alcald\u00eda de Surrey, y cuando el hijo ingres\u00f3 a la universidad. \u201cSomos felices, porque tenemos trabajo y por haber trasformado la vida que llev\u00e1bamos en Las Mercedes\u201d.<\/p>\n<p>Siempre tiene en mente querer regresar. En este instante un dilema le da vueltas en la cabeza y no ha podido definirlo. En un extremo de la balanza est\u00e1n los amigos de infancia que permanecen en Sardinata. En el otro plato est\u00e1n los hijos que lo tienen todo en Surrey. \u201cPor ahora no me puedo ir para Colombia, pero tampoco me quiero quedar todo el tiempo en Canad\u00e1\u201d.<\/p>\n<p>Los canadienses, cuando se enteran de su origen, le preguntan por Pablo Escobar y el caf\u00e9. La respuesta es amable y les habla de lo bueno que tiene Colombia. Mucha gente conoce m\u00e1s del pa\u00eds por las novelas y las series de televisi\u00f3n, que por los logros de escritores, deportistas, artistas.<\/p>\n<p>En los \u00faltimos tiempos los nuevos amigos han conocido de C\u00facuta por los problemas con Venezuela y la situaci\u00f3n de El Catatumbo. En la tarea de trasmitirles el calor cucute\u00f1o les dice que este es un pa\u00eds maravilloso y que es f\u00e1cil llegar y hacer vida.<\/p>\n<p>Tiene el tiempo medido acerca de los a\u00f1os que estar\u00e1 por fuera de C\u00facuta. \u201cDe tiempo completo, otros 9 o 10 a\u00f1os\u201d. Y al volver le gustar\u00eda ver el mejoramiento en la movilidad, porque lo enloquece, y saber que es una ciudad m\u00e1s verde.<\/p>\n<p>A diario est\u00e1 enterado de lo que ocurre en C\u00facuta. En casa lee peri\u00f3dicos por internet y escucha radio. \u201cEnterarme de lo que pasa en C\u00facuta es la rutina diaria\u201d. Especialmente, de lo que sucede en la frontera, sobre pol\u00edtica y deportes.<\/p>\n<p>No tiene un distintivo rojinegro para identificarse como cucute\u00f1o. Normalmente, luce la camiseta amarilla de la selecci\u00f3n Colombia, el poncho y el sombrero. \u201cDefiendo al C\u00facuta, pero no soy hincha del C\u00facuta\u201d. El equipo de sus amores es el Deportivo Cali, al que aprendi\u00f3 a querer en la infancia.<\/p>\n<p>Al escuchar una canci\u00f3n colombiana el \u00e1nimo se trasforma y se le cruzan los sentimientos. Por un lado siente mucha alegr\u00eda y por otro, mucha nostalgia. Escucha vallenato y lo combina con carranga y una que otra ranchera.<\/p>\n<p>En los tiempos libres juega f\u00fatbol con el hijo, o sale a caminar con la esposa. Hace campin con amigos colombianos y con la hija va a&nbsp; nataci\u00f3n.<\/p>\n<p>Una o dos veces a la semana se conecta con los familiares cucute\u00f1os, y la diferencia horaria fue f\u00e1cil asimilarla. El problema es en invierno, porque los d\u00edas son cortos y las noches largas. En verano el sol sale muy temprano se oculta tarde en la noche. Es demasiado tiempo para estar despiertos.<\/p>\n<p>\u201cMe emociono todos los d\u00edas cuando pienso en C\u00facuta. El arraigo es fuerte y me dan nostalgia los recuerdos. Vivo con nostalgia, pero me emociona recordar\u201d.<\/p>\n<p><strong>RAFAEL ANTONIO PAB\u00d3N<\/strong><\/p>\n<p><strong><a href=\"mailto:rafaelpabon58@hotmail.com\">rafaelpabon58@hotmail.com<\/a><\/strong><\/p>\n<p><strong>Foto: \u00c1lbum familiar<\/strong><\/p>\n<p>&nbsp;<\/p>\n<p>&nbsp; <\/p>\n","protected":false},"excerpt":{"rendered":"<p>Isidro Lizarazo Ramos, de 56 a\u00f1os, viv\u00eda feliz en el corregimiento Las Mercedes (Sardinata). Trabajaba en la Alcald\u00eda y prestaba los servicios para la Umata. Eran tiempos de dominio guerrillero en ese municipio nortesantandereano. Un d\u00eda, la vida cambi\u00f3. Hizo un trabajo de sustituci\u00f3n de cultivos il\u00edcitos, con apoyo de la OEA y la ONU, &hellip;<\/p>\n","protected":false},"author":1,"featured_media":30226,"comment_status":"open","ping_status":"open","sticky":false,"template":"","format":"standard","meta":{"footnotes":""},"categories":[10,4,168],"tags":[2089,638],"class_list":["post-30225","post","type-post","status-publish","format-standard","has-post-thumbnail","hentry","category-cronicas","category-barra","category-los-que-estan-afuera","tag-desde-afuera","tag-sardinata"],"_links":{"self":[{"href":"https:\/\/contraluzcucuta.co\/index.php?rest_route=\/wp\/v2\/posts\/30225","targetHints":{"allow":["GET"]}}],"collection":[{"href":"https:\/\/contraluzcucuta.co\/index.php?rest_route=\/wp\/v2\/posts"}],"about":[{"href":"https:\/\/contraluzcucuta.co\/index.php?rest_route=\/wp\/v2\/types\/post"}],"author":[{"embeddable":true,"href":"https:\/\/contraluzcucuta.co\/index.php?rest_route=\/wp\/v2\/users\/1"}],"replies":[{"embeddable":true,"href":"https:\/\/contraluzcucuta.co\/index.php?rest_route=%2Fwp%2Fv2%2Fcomments&post=30225"}],"version-history":[{"count":1,"href":"https:\/\/contraluzcucuta.co\/index.php?rest_route=\/wp\/v2\/posts\/30225\/revisions"}],"predecessor-version":[{"id":30227,"href":"https:\/\/contraluzcucuta.co\/index.php?rest_route=\/wp\/v2\/posts\/30225\/revisions\/30227"}],"wp:featuredmedia":[{"embeddable":true,"href":"https:\/\/contraluzcucuta.co\/index.php?rest_route=\/wp\/v2\/media\/30226"}],"wp:attachment":[{"href":"https:\/\/contraluzcucuta.co\/index.php?rest_route=%2Fwp%2Fv2%2Fmedia&parent=30225"}],"wp:term":[{"taxonomy":"category","embeddable":true,"href":"https:\/\/contraluzcucuta.co\/index.php?rest_route=%2Fwp%2Fv2%2Fcategories&post=30225"},{"taxonomy":"post_tag","embeddable":true,"href":"https:\/\/contraluzcucuta.co\/index.php?rest_route=%2Fwp%2Fv2%2Ftags&post=30225"}],"curies":[{"name":"wp","href":"https:\/\/api.w.org\/{rel}","templated":true}]}}