{"id":30219,"date":"2017-07-22T08:12:03","date_gmt":"2017-07-22T13:12:03","guid":{"rendered":"http:\/\/contraluzcucuta.co\/?p=30219"},"modified":"2017-07-22T08:12:03","modified_gmt":"2017-07-22T13:12:03","slug":"cronica-20-de-julio-en-pamplona-la-nueva-independencia","status":"publish","type":"post","link":"https:\/\/contraluzcucuta.co\/?p=30219","title":{"rendered":"CR\u00d3NICA. 20 de julio en Pamplona, La Nueva Independencia"},"content":{"rendered":"<p><strong>PAMPLONA \u2013 Norte de Santander.-<\/strong> Del d\u00eda soleado y despejado pasamos al nublado, en el recorrido C\u00facuta &#8211; Pamplona. Mientras las gotas de lluvia eran despejadas por el parabrisas del bus, pensaba c\u00f3mo deber\u00eda sentirme si hubiera estado hace 207 a\u00f1os en la Nueva Granada. Pero supon\u00eda que en la conmemoraci\u00f3n de esa fecha en Pamplona y a cargo de la generaci\u00f3n de talentos juveniles colombianos, \u201calgo bueno podr\u00eda pasar\u201d.<\/p>\n<p>Era la primera vez que visitaba Pamplona y el conductor de la buseta ni se diga. \u201cNos perdimos\u201d. Notamos que una gran cantidad de personas empezaron a caminar en una sola direcci\u00f3n y empezamos a seguir a los campesinos que llevaban la bandera colombiana. El ambiente nos hac\u00eda sentir en 1810. Esta ciudad tiene esa magia y atrapa.<\/p>\n<p>Al pisar por primera vez en mi vida esas fr\u00edas calles, entend\u00ed por qu\u00e9 se habla de lo rico que es vivir aqu\u00ed. De repente empezaron a aparecer banderas tricolores en puertas, ventanas y palcos de las casas con arquitectura colonial, y en las no tan coloniales. Nunca hab\u00eda visto algo as\u00ed. Qued\u00e9 maravillado en esta tierra. Les tienen respeto a las fechas y m\u00e1s al D\u00eda de la Independencia.<\/p>\n<p>Llegamos al parque \u00c1gueda Gallardo y la multiculturalidad empezaba asomarse. Un par de muchachos, de 1,60 de estatura, piel trigue\u00f1a y dialecto raro fueron los primeros en asomarse. Estos j\u00f3venes hacen parte de la comunidad ind\u00edgena Embera, y el lenguaje es ancestral. Lo innovador es que son raperos y sus canciones son interpretadas en la lengua nativa.<\/p>\n<p>En el vestido combinan el negro que representa el rap y los coloridos tonos que recuerdan a las comunidades ind\u00edgenas, hasta intimida un poco. No es de negar que nos dejaron boquiabiertos y no es porque no los hayamos entendido, sino por la entrega en la tarima y por el ritmo peculiar.<\/p>\n<p>En ese momento el aguacero arreci\u00f3 y entre m\u00e1s agua, m\u00e1s gente en la plaza. Ni la mojada impidi\u00f3 para decir presente, aqu\u00ed estamos los pamploneses, en la ciudad estudiantil, la ciudad cultural y multicultural de Colombia.<\/p>\n<p>No se escucharon gritos de \u201cme robaron\u201d; tampoco, sonoros botellazos por borrachos, ni ri\u00f1as est\u00fapidas. Aqu\u00ed la gente tiene tremendo comportamiento. Me enamoraron los dulces en cada esquina, la gente, Pamplona es \u2018bacana\u2019.<\/p>\n<p>Escuch\u00e9 a los ni\u00f1os de la Sinf\u00f3nica de Pamplona entonar el himno nacional, y cr\u00e9anme que me eriz\u00f3 la piel y me dej\u00f3 fr\u00edo del sentimiento. No entiendo por qu\u00e9 cantantes de la \u00e9lite tienen el \u2018honor\u2019 de entonar el himno en los partidos de la selecci\u00f3n y nos hacen quedar en rid\u00edculo. Estoy convencido de que esos peque\u00f1os se ganaron ese derecho de entornar el respetado s\u00edmbolo, y que Colombia entera sienta en carne propia qu\u00e9 es cantar con sentimiento, con amor.<\/p>\n<p>Las maracas empezaron a sonar y los tambores terminaron de erizar mi piel, porque los j\u00f3venes del pac\u00edfico colombiano tocaban como los antiguos dioses africanos sol\u00edan hacerlo. No sab\u00eda para d\u00f3nde ir, y simplemente me qued\u00e9 a escuchar las entonaciones&nbsp; de estos cantantes y bailarines.<\/p>\n<p>Pamplona estaba paralizada con el evento cultural, y c\u00f3mo no estarlo si un gran derroche de talento se estaba emitiendo. Afrocolombianos, tambores de pelinaje, el son del bom bom bom, al fondo el sonido de la marimba y la tranquilidad de emerger de lo m\u00e1s adentro de nuestro ser al escucharla.<\/p>\n<p>Despu\u00e9s de cantar y bailar, m\u00e1s de 280 artistas, negros, blancos, mestizos, ind\u00edgenas, record\u00e9 que estaba en tierras fr\u00edas, pero durante el evento no tuve ning\u00fan s\u00edntoma \u00a1qu\u00e9 altura ni qu\u00e9 nada! La euforia de la m\u00fasica colombiana me entr\u00f3 en un calor que me acobij\u00f3 y creo que tambi\u00e9n a los pamploneses.<\/p>\n<p>Llueve, truene o relampaguee, tres palabras que se escucharon a menudo y se hicieron realidad, la verdadera libertad de los pueblos colombianos se efectu\u00f3 cuando cada uno mostr\u00f3, por medio de las expresiones su cultura, sus ancestros, sus historias.<\/p>\n<p>Al caminar de regreso al bus, el olor a pasteles, los dulces, el sonido del caf\u00e9 que se sirve lentamente mientras sale el vapor, me hicieron entender que no me quer\u00eda ir de Pamplona. Lastimosamente, la espalda no daba para m\u00e1s, pero el \u00a1coraz\u00f3n!, el coraz\u00f3n nunca en la vida hab\u00eda tenido tantas palpitaciones por segundo, y si en 1810, este d\u00eda fue inolvidable, el 20 de julio de 2017 ser\u00e1 simb\u00f3lico para Pamplona y sus habitantes.<\/p>\n<p><strong>Texto y fotos: ISMAEL GAMBOA<\/strong><\/p>\n<p><strong>Enviado Especial www.contraluzcucuta.co<\/strong><\/p>\n<p><strong>&nbsp;<\/strong> <\/p>\n","protected":false},"excerpt":{"rendered":"<p>PAMPLONA \u2013 Norte de Santander.- Del d\u00eda soleado y despejado pasamos al nublado, en el recorrido C\u00facuta &#8211; Pamplona. Mientras las gotas de lluvia eran despejadas por el parabrisas del bus, pensaba c\u00f3mo deber\u00eda sentirme si hubiera estado hace 207 a\u00f1os en la Nueva Granada. Pero supon\u00eda que en la conmemoraci\u00f3n de esa fecha en &hellip;<\/p>\n","protected":false},"author":1,"featured_media":30220,"comment_status":"open","ping_status":"open","sticky":false,"template":"","format":"standard","meta":{"footnotes":""},"categories":[10,4,6],"tags":[95,1507,738],"class_list":["post-30219","post","type-post","status-publish","format-standard","has-post-thumbnail","hentry","category-cronicas","category-barra","category-ojo-avizor","tag-20-de-julio","tag-grito-de-independencia","tag-pamplona"],"_links":{"self":[{"href":"https:\/\/contraluzcucuta.co\/index.php?rest_route=\/wp\/v2\/posts\/30219","targetHints":{"allow":["GET"]}}],"collection":[{"href":"https:\/\/contraluzcucuta.co\/index.php?rest_route=\/wp\/v2\/posts"}],"about":[{"href":"https:\/\/contraluzcucuta.co\/index.php?rest_route=\/wp\/v2\/types\/post"}],"author":[{"embeddable":true,"href":"https:\/\/contraluzcucuta.co\/index.php?rest_route=\/wp\/v2\/users\/1"}],"replies":[{"embeddable":true,"href":"https:\/\/contraluzcucuta.co\/index.php?rest_route=%2Fwp%2Fv2%2Fcomments&post=30219"}],"version-history":[{"count":1,"href":"https:\/\/contraluzcucuta.co\/index.php?rest_route=\/wp\/v2\/posts\/30219\/revisions"}],"predecessor-version":[{"id":30221,"href":"https:\/\/contraluzcucuta.co\/index.php?rest_route=\/wp\/v2\/posts\/30219\/revisions\/30221"}],"wp:featuredmedia":[{"embeddable":true,"href":"https:\/\/contraluzcucuta.co\/index.php?rest_route=\/wp\/v2\/media\/30220"}],"wp:attachment":[{"href":"https:\/\/contraluzcucuta.co\/index.php?rest_route=%2Fwp%2Fv2%2Fmedia&parent=30219"}],"wp:term":[{"taxonomy":"category","embeddable":true,"href":"https:\/\/contraluzcucuta.co\/index.php?rest_route=%2Fwp%2Fv2%2Fcategories&post=30219"},{"taxonomy":"post_tag","embeddable":true,"href":"https:\/\/contraluzcucuta.co\/index.php?rest_route=%2Fwp%2Fv2%2Ftags&post=30219"}],"curies":[{"name":"wp","href":"https:\/\/api.w.org\/{rel}","templated":true}]}}