{"id":30216,"date":"2017-07-22T06:54:28","date_gmt":"2017-07-22T11:54:28","guid":{"rendered":"http:\/\/contraluzcucuta.co\/?p=30216"},"modified":"2017-07-22T06:54:28","modified_gmt":"2017-07-22T11:54:28","slug":"cultura-linaje-originario-rap-embera-para-rato","status":"publish","type":"post","link":"https:\/\/contraluzcucuta.co\/?p=30216","title":{"rendered":"CULTURA. \u2018Linaje Originario\u2019, rap Embera para rato"},"content":{"rendered":"<p><strong>C\u00daCUTA.-<\/strong> Brayan y Dairon pertenecen a la comunidad ind\u00edgena Embera, ubicada en Valpara\u00edso, al sur oeste antioque\u00f1o. Se hacen llamar \u2018Linaje Originario\u2019 para darles relevancia a la ra\u00edz y a los antepasados. Estuvieron en Pamplona para la celebraci\u00f3n del D\u00eda de la Independencia e interpretaron canciones al ritmo rap, porque son talento joven.<\/p>\n<p>Cuando estaban en el colegio, al escuchar a los grupos Tres Coronas y La Etnnia tomaron la decisi\u00f3n de interpretar su universo verde y m\u00e1gico por medio de este g\u00e9nero, rap conciencia Embera. Al principio, los ancianos no estaban convencidos, pero con el tiempo entendieron que esa m\u00fasica hablaba de cuidar el ambiente, la lengua cham\u00ed, el amor por el otro y vivir en armon\u00eda.<\/p>\n<p>Los m\u00e1s peque\u00f1os han aprendido la lengua Embera Cham\u00ed mediante el rap y hasta el momento no ha causado problema. La m\u00fasica no solo hace que sean iguales, sino que los ha dejado crecer como seres de la naturaleza y protectores de la vida. El mensaje de las melod\u00edas es lo m\u00e1s importante. <em>\u201c<\/em>Ese es nuestro trabajo principal, que la gente entienda nuestro mensaje<em>\u201c, <\/em>dijo Brayan.<\/p>\n<p>El concepto de multiculturalismo es m\u00e1s amplio que el de las ciudades y los libros de sociolog\u00eda. No creen en la prepotencia como camino para llegar a tocar los corazones de los blancos. Est\u00e1n dispuestos a que los nortesantandereanos aprendan la lengua y que canten su m\u00fasica ancestral.<\/p>\n<p>Al vestirse combinaron el estilo del rap y las tradiciones. El negro representativo del g\u00e9nero es contrastado con la corona colorida en se\u00f1al de sabidur\u00eda. La pluma es el \u00e1guila que vuela con los pensamientos y esp\u00edritus buenos. En el cuello sostienen collares artesanales con el s\u00edmbolo del tigre, su fuerza interior.<\/p>\n<p>Cuando suben a la tarima trasmiten la emotividad que no tienen Don Omar, Daddy Yankee, Nicky Jam, ni Maluma. Es la esencia de los ancestros, porque los sonidos hacen volar a la selva y recordar que la sangre y el alma son descendencia de ind\u00edgenas.<\/p>\n<p>\u2018C\u00f3ndor pasa\u2019 es una de las canciones que eriza la piel. Los espectadores sienten en el cuerpo esa energ\u00eda de la naturaleza, lo antiguo y lo sagrado, del regocijo del alma por estar antes j\u00f3venes que no dejan morir la cultura, y evolucionaron para brindar centenares de mensajes para conservar el mundo, la tierra de todos.<\/p>\n<p>Los abuelos nunca pensaron que las melod\u00edas creadas hace tanto tiempo, hoy suenen en emisoras comunitarias y un canal de YouTube. El rap es el puente entre la forma de vida y las millones de vidas en Colombia, oportunidad de convivir y conocerse entre s\u00ed.<\/p>\n<p>Creen que las comunidades ind\u00edgenas de Norte de Santander deben ofrecerles a los j\u00f3venes oportunidades para que innoven los procesos comunicativos en los territorios. Tal vez no desde el rap, porque cada ser de la naturaleza debe encontrar la manera de trasmitir lo que siente el alma. Pero no descantan un remix con los ind\u00edgenas Bari, U\u2019wa e Inga.<\/p>\n<p>\u2018Linaje Originario Embera\u2019 no dejar\u00e1 que la tradici\u00f3n milenaria desaparezca. Por medio de las notas le dir\u00e1n al mundo lo lindo, m\u00e1gico y multicultural que es \u00a1Colombia! Mientras los pa\u00edses industrializados se quejan de las p\u00e9rdidas absolutas de los ind\u00edgenas, los colombianos tienen Rap Embera para rato.<\/p>\n<p><a href=\"https:\/\/www.youtube.com\/channel\/UC748MBYOnWGjWfzc-mummwA\">https:\/\/www.youtube.com\/channel\/UC748MBYOnWGjWfzc-mummwA<\/a><\/p>\n<p><strong>ISMAEL GAMBOA<\/strong><\/p>\n<p>Enviado Especial &#8211; www.contraluzcucuta.co<\/p>\n<p>&nbsp; <\/p>\n","protected":false},"excerpt":{"rendered":"<p>C\u00daCUTA.- Brayan y Dairon pertenecen a la comunidad ind\u00edgena Embera, ubicada en Valpara\u00edso, al sur oeste antioque\u00f1o. Se hacen llamar \u2018Linaje Originario\u2019 para darles relevancia a la ra\u00edz y a los antepasados. Estuvieron en Pamplona para la celebraci\u00f3n del D\u00eda de la Independencia e interpretaron canciones al ritmo rap, porque son talento joven. Cuando estaban &hellip;<\/p>\n","protected":false},"author":1,"featured_media":30217,"comment_status":"open","ping_status":"open","sticky":false,"template":"","format":"standard","meta":{"footnotes":""},"categories":[4,36,37],"tags":[3713,3715,3714],"class_list":["post-30216","post","type-post","status-publish","format-standard","has-post-thumbnail","hentry","category-barra","category-la-voz-del-pueblo","category-paseo-cultural","tag-linaje-originario","tag-mincultura","tag-rap-embera"],"_links":{"self":[{"href":"https:\/\/contraluzcucuta.co\/index.php?rest_route=\/wp\/v2\/posts\/30216","targetHints":{"allow":["GET"]}}],"collection":[{"href":"https:\/\/contraluzcucuta.co\/index.php?rest_route=\/wp\/v2\/posts"}],"about":[{"href":"https:\/\/contraluzcucuta.co\/index.php?rest_route=\/wp\/v2\/types\/post"}],"author":[{"embeddable":true,"href":"https:\/\/contraluzcucuta.co\/index.php?rest_route=\/wp\/v2\/users\/1"}],"replies":[{"embeddable":true,"href":"https:\/\/contraluzcucuta.co\/index.php?rest_route=%2Fwp%2Fv2%2Fcomments&post=30216"}],"version-history":[{"count":1,"href":"https:\/\/contraluzcucuta.co\/index.php?rest_route=\/wp\/v2\/posts\/30216\/revisions"}],"predecessor-version":[{"id":30218,"href":"https:\/\/contraluzcucuta.co\/index.php?rest_route=\/wp\/v2\/posts\/30216\/revisions\/30218"}],"wp:featuredmedia":[{"embeddable":true,"href":"https:\/\/contraluzcucuta.co\/index.php?rest_route=\/wp\/v2\/media\/30217"}],"wp:attachment":[{"href":"https:\/\/contraluzcucuta.co\/index.php?rest_route=%2Fwp%2Fv2%2Fmedia&parent=30216"}],"wp:term":[{"taxonomy":"category","embeddable":true,"href":"https:\/\/contraluzcucuta.co\/index.php?rest_route=%2Fwp%2Fv2%2Fcategories&post=30216"},{"taxonomy":"post_tag","embeddable":true,"href":"https:\/\/contraluzcucuta.co\/index.php?rest_route=%2Fwp%2Fv2%2Ftags&post=30216"}],"curies":[{"name":"wp","href":"https:\/\/api.w.org\/{rel}","templated":true}]}}