{"id":30210,"date":"2017-07-20T22:50:49","date_gmt":"2017-07-21T03:50:49","guid":{"rendered":"http:\/\/contraluzcucuta.co\/?p=30210"},"modified":"2017-07-20T22:50:49","modified_gmt":"2017-07-21T03:50:49","slug":"actualidad-fiebre-aftosa-nuevamente-en-colombia","status":"publish","type":"post","link":"https:\/\/contraluzcucuta.co\/?p=30210","title":{"rendered":"ACTUALIDAD. Fiebre aftosa, nuevamente en Colombia"},"content":{"rendered":"<p style=\"padding-left: 30px;\">Despu\u00e9s de varios a\u00f1os de estar erradicada de Colombia la fiebre aftosa en el ganado bovino, por una vacunaci\u00f3n seria y bien llevada, dirigida por Fedegan, la asociaci\u00f3n mayoritaria de los ganaderos, que el Gobierno en su af\u00e1n de acabar con lo bueno que funciona en el pa\u00eds ha hecho ingentes esfuerzos por liquidarla, y ah\u00ed est\u00e1n los resultados a la vista.<\/p>\n<p>El anterior hecho, representa una peque\u00f1a cat\u00e1strofe para el pa\u00eds, para la ganader\u00eda de carne y de leche y l\u00f3gicamente para las finanzas nacionales, porque son varios los pa\u00edses que han dejado y dejar\u00e1n de comprar los productos nuestros.<\/p>\n<p>La responsabilidad de este desastre, recae principalmente en el ministro <em>light<\/em> de agricultura y ganader\u00eda, que tiene la naci\u00f3n. La garant\u00eda de la vacunaci\u00f3n, contra la enfermedad, es el seguro, que la preserva de la epizootia, que en esta ocasi\u00f3n ha fallado gravemente, con perjuicio para el pa\u00eds.<\/p>\n<p>El ministro se promocion\u00f3 para el cargo, con el argumento que sab\u00eda castrar terneros, oficio que en todo el pa\u00eds cumplen los mayordomos de las fincas, motivo por el cual, alg\u00fan comentarista, lo calific\u00f3 de ministro capador, pero no habl\u00f3 en ning\u00fan momento de las responsabilidades y las obligaciones de todo orden, que el cargo conlleva para proteger, aumentar y&nbsp; consolidar el hato ganadero.<\/p>\n<p>Son grandes y graves las consecuencias de este desastre, porque son varios los pa\u00edses que han manifestado que no tienen inter\u00e9s en importar productos l\u00e1cteos y c\u00e1rnicos colombianos, cuando con dificultades, se ven\u00edan abriendo caminos las exportaciones de estos productos a varios pa\u00edses, entre ellos, Rusia, Jordania, Chile y otros m\u00e1s.<\/p>\n<p>Por m\u00e1s que se quiera eludir la responsabilidad de este desastre,&nbsp; no es posible ignorarla, por m\u00e1s recomendaciones familiares y sociales, que distinguen al ministro capador, quien ante este desastre, debe dar un paso al costado y renunciar al alto cargo que ostenta, pues \u00e9l tiene mucha responsabilidad, por estar tratando de eliminar a Fedegan, quien durante muchos a\u00f1os, dirigi\u00f3 con \u00e9xito, las campa\u00f1as de vacunaci\u00f3n contra la fiebre aftosa, sin que se presentara ning\u00fan caso de la enfermedad, por varios a\u00f1os.<\/p>\n<p>Tambi\u00e9n, debe renunciar el jefe de vacunaci\u00f3n contra la enfermedad, porque si se present\u00f3, fue por falta de cubrimiento de todo el pa\u00eds, con la vacunaci\u00f3n total, y no porque han entrado de contrabando algunas reses de la hermana rep\u00fablica de Venezuela, que desde luego, es un&nbsp; riesgo grande, que desde hace varios a\u00f1os se viene presentando en ganado en pie y carne de contrabando, pero esos animales, generalmente se quedan en la frontera, y dif\u00edcilmente, alcanzan el coraz\u00f3n de Cundinamarca, donde se present\u00f3, el segundo brote.<\/p>\n<p>Se\u00f1or presidente \u2018Juampa\u2019 y se\u00f1or ministro de agricultura, paren la lucha para tratar de acabar con Fedegan, la agremiaci\u00f3n de los ganaderos colombianos, que durante varios a\u00f1os dirigieron con reconocido \u00e9xito, la lucha contra esta epizootia, antes erradicada, pero hoy vuelta a aparecer, por fallas en el sistema de cubrimiento, con la eficaz profilaxis de la vacunaci\u00f3n<\/p>\n<p>No olviden, se\u00f1or ministro y autoridades, que m\u00e1s sabe el diablo por viejo, que por diablo, con lo cual, queremos decirles, que la experiencia y la eficacia, en esta lucha la tiene Fedegan, que es la entidad, que debe continuar con el plan de vacunaci\u00f3n, contra la fiebre aftosa.<\/p>\n<p><strong>PABLO EMILIO RAM\u00cdREZ<\/strong> <\/p>\n","protected":false},"excerpt":{"rendered":"<p>Despu\u00e9s de varios a\u00f1os de estar erradicada de Colombia la fiebre aftosa en el ganado bovino, por una vacunaci\u00f3n seria y bien llevada, dirigida por Fedegan, la asociaci\u00f3n mayoritaria de los ganaderos, que el Gobierno en su af\u00e1n de acabar con lo bueno que funciona en el pa\u00eds ha hecho ingentes esfuerzos por liquidarla, y &hellip;<\/p>\n","protected":false},"author":1,"featured_media":30211,"comment_status":"open","ping_status":"open","sticky":false,"template":"","format":"standard","meta":{"footnotes":""},"categories":[14],"tags":[3710,3711,2382],"class_list":["post-30210","post","type-post","status-publish","format-standard","has-post-thumbnail","hentry","category-articulistas","tag-fiebre-aftosa","tag-ica","tag-minagricultura"],"_links":{"self":[{"href":"https:\/\/contraluzcucuta.co\/index.php?rest_route=\/wp\/v2\/posts\/30210","targetHints":{"allow":["GET"]}}],"collection":[{"href":"https:\/\/contraluzcucuta.co\/index.php?rest_route=\/wp\/v2\/posts"}],"about":[{"href":"https:\/\/contraluzcucuta.co\/index.php?rest_route=\/wp\/v2\/types\/post"}],"author":[{"embeddable":true,"href":"https:\/\/contraluzcucuta.co\/index.php?rest_route=\/wp\/v2\/users\/1"}],"replies":[{"embeddable":true,"href":"https:\/\/contraluzcucuta.co\/index.php?rest_route=%2Fwp%2Fv2%2Fcomments&post=30210"}],"version-history":[{"count":1,"href":"https:\/\/contraluzcucuta.co\/index.php?rest_route=\/wp\/v2\/posts\/30210\/revisions"}],"predecessor-version":[{"id":30212,"href":"https:\/\/contraluzcucuta.co\/index.php?rest_route=\/wp\/v2\/posts\/30210\/revisions\/30212"}],"wp:featuredmedia":[{"embeddable":true,"href":"https:\/\/contraluzcucuta.co\/index.php?rest_route=\/wp\/v2\/media\/30211"}],"wp:attachment":[{"href":"https:\/\/contraluzcucuta.co\/index.php?rest_route=%2Fwp%2Fv2%2Fmedia&parent=30210"}],"wp:term":[{"taxonomy":"category","embeddable":true,"href":"https:\/\/contraluzcucuta.co\/index.php?rest_route=%2Fwp%2Fv2%2Fcategories&post=30210"},{"taxonomy":"post_tag","embeddable":true,"href":"https:\/\/contraluzcucuta.co\/index.php?rest_route=%2Fwp%2Fv2%2Ftags&post=30210"}],"curies":[{"name":"wp","href":"https:\/\/api.w.org\/{rel}","templated":true}]}}