{"id":30204,"date":"2017-07-20T22:13:52","date_gmt":"2017-07-21T03:13:52","guid":{"rendered":"http:\/\/contraluzcucuta.co\/?p=30204"},"modified":"2017-07-20T22:13:52","modified_gmt":"2017-07-21T03:13:52","slug":"ferias-de-cucuta-650-policias-en-planes-avispa-semaforo-y-desarme","status":"publish","type":"post","link":"https:\/\/contraluzcucuta.co\/?p=30204","title":{"rendered":"FERIAS DE C\u00daCUTA. 650 polic\u00edas en planes \u00a0Avispa\u2019, \u2018Sem\u00e1foro\u2019 y \u2018Desarme\u2019"},"content":{"rendered":"<p style=\"padding-left: 30px;\"><strong>C\u00daCUTA.-<\/strong> Seiscientos cincuenta uniformados de la Polic\u00eda Metropolitana de C\u00facuta acompa\u00f1an la seguridad de cucute\u00f1os y visitantes en las ferias y fiestas programadas para este fin de semana.<\/p>\n<p>Para permitir &nbsp;vivir las ferias en paz, agentes de Tr\u00e1nsito y Transporte, Investigaci\u00f3n Criminal, Reacci\u00f3n Bancaria, Prevenci\u00f3n y Educaci\u00f3n ciudadana, Protecci\u00f3n al Turismo y Modelo Nacional de Vigilancia Comunitaria por Cuadrantes, efect\u00faan acciones de control en coordinaci\u00f3n con la Alcald\u00eda de C\u00facuta.<\/p>\n<p>Mediante estudio previo de georreferenciaci\u00f3n del delito, fueron asignados uniformados exclusivamente para la vigilancia durante el desarrollo de la feria y adelantaran actividades relacionadas con los planes \u2018Avispa\u2019, \u2018Sem\u00e1foro\u2019 y \u2018Desarme\u2019, y patrullajes en los ejes viales.<\/p>\n<p>La finalidad es no descuidar las labores rutinarias encaminadas a preservar el orden p\u00fablico y la convivencia en barrios y comunas para evitar delitos homicidios, hurtos a comercio, a entidades financieras y a personas, tr\u00e1fico de estupefacientes y&nbsp; porte ilegal de armas de fuego.<\/p>\n<p>La Seccional de Tr\u00e1nsito y Transporte ejecutar\u00e1 operativos encaminados fundamentalmente al control de conductores y el tr\u00e1fico vehicular con el fin de prevenir accidentes y garantizar la circulaci\u00f3n de todos los actores de la capital de Norte de Santander.<\/p>\n<p>El coronel Javier Barrera llam\u00f3 a los ciudadanos part\u00edcipes en la Feria de C\u00facuta para que conserven el buen comportamiento, la sana convivencia, respeto de las normas de tr\u00e1nsito, el consumo moderado de licor, la utilizaci\u00f3n de parqueaderos.<\/p>\n<p>&nbsp;<\/p>\n<p>La finalidad es no descuidar las labores rutinarias encaminadas a preservar el orden p\u00fablico y la convivencia en barrios y comunas.<\/p>\n<p>&nbsp;<\/p>\n<p><strong>&nbsp;<\/strong> <\/p>\n","protected":false},"excerpt":{"rendered":"<p>C\u00daCUTA.- Seiscientos cincuenta uniformados de la Polic\u00eda Metropolitana de C\u00facuta acompa\u00f1an la seguridad de cucute\u00f1os y visitantes en las ferias y fiestas programadas para este fin de semana. Para permitir &nbsp;vivir las ferias en paz, agentes de Tr\u00e1nsito y Transporte, Investigaci\u00f3n Criminal, Reacci\u00f3n Bancaria, Prevenci\u00f3n y Educaci\u00f3n ciudadana, Protecci\u00f3n al Turismo y Modelo Nacional de &hellip;<\/p>\n","protected":false},"author":1,"featured_media":30205,"comment_status":"open","ping_status":"open","sticky":false,"template":"","format":"standard","meta":{"footnotes":""},"categories":[11],"tags":[3708,323,163],"class_list":["post-30204","post","type-post","status-publish","format-standard","has-post-thumbnail","hentry","category-cronica-roja","tag-ferias-de-cucuta-2017","tag-mecuc","tag-policia-metropolitana"],"_links":{"self":[{"href":"https:\/\/contraluzcucuta.co\/index.php?rest_route=\/wp\/v2\/posts\/30204","targetHints":{"allow":["GET"]}}],"collection":[{"href":"https:\/\/contraluzcucuta.co\/index.php?rest_route=\/wp\/v2\/posts"}],"about":[{"href":"https:\/\/contraluzcucuta.co\/index.php?rest_route=\/wp\/v2\/types\/post"}],"author":[{"embeddable":true,"href":"https:\/\/contraluzcucuta.co\/index.php?rest_route=\/wp\/v2\/users\/1"}],"replies":[{"embeddable":true,"href":"https:\/\/contraluzcucuta.co\/index.php?rest_route=%2Fwp%2Fv2%2Fcomments&post=30204"}],"version-history":[{"count":1,"href":"https:\/\/contraluzcucuta.co\/index.php?rest_route=\/wp\/v2\/posts\/30204\/revisions"}],"predecessor-version":[{"id":30206,"href":"https:\/\/contraluzcucuta.co\/index.php?rest_route=\/wp\/v2\/posts\/30204\/revisions\/30206"}],"wp:featuredmedia":[{"embeddable":true,"href":"https:\/\/contraluzcucuta.co\/index.php?rest_route=\/wp\/v2\/media\/30205"}],"wp:attachment":[{"href":"https:\/\/contraluzcucuta.co\/index.php?rest_route=%2Fwp%2Fv2%2Fmedia&parent=30204"}],"wp:term":[{"taxonomy":"category","embeddable":true,"href":"https:\/\/contraluzcucuta.co\/index.php?rest_route=%2Fwp%2Fv2%2Fcategories&post=30204"},{"taxonomy":"post_tag","embeddable":true,"href":"https:\/\/contraluzcucuta.co\/index.php?rest_route=%2Fwp%2Fv2%2Ftags&post=30204"}],"curies":[{"name":"wp","href":"https:\/\/api.w.org\/{rel}","templated":true}]}}