{"id":30198,"date":"2017-07-20T20:58:47","date_gmt":"2017-07-21T01:58:47","guid":{"rendered":"http:\/\/contraluzcucuta.co\/?p=30198"},"modified":"2017-07-20T20:58:47","modified_gmt":"2017-07-21T01:58:47","slug":"medio-ambiente-cerrada-mina-por-extraccion-ilegal-y-explotacion-ilicita-de-mineral","status":"publish","type":"post","link":"https:\/\/contraluzcucuta.co\/?p=30198","title":{"rendered":"MEDIO AMBIENTE. Cerrada mina por extracci\u00f3n ilegal y explotaci\u00f3n il\u00edcita de mineral"},"content":{"rendered":"<p><strong>C\u00daCUTA.-<\/strong> La Polic\u00eda Metropolitana de C\u00facuta adelanta planes de control para vigilar la explotaci\u00f3n minera y la contaminaci\u00f3n de las fuentes h\u00eddricas en la regi\u00f3n. En las \u00faltimas horas desarroll\u00f3 un operativo en una mina de carb\u00f3n mineral para constatar el cumplimiento de las normas ambientales.<\/p>\n<p>El plan de control fue desplegado por uniformados de los grupos de Carabineros, Protecci\u00f3n Ambiental y Ecol\u00f3gica, junto con la Seccional de Investigaci\u00f3n Criminal. Los agentes llegaron hasta la Vereda Cerro Guayabo, jurisdicci\u00f3n de El Zulia, con el objetivo de verificar las condiciones documentales y ambientales.<\/p>\n<p>Luego de la observaci\u00f3n, establecieron que no contaban con el t\u00edtulo minero ni con la licencia ambiental, documentos expedidos por la Agencia Nacional de Miner\u00eda. Los polic\u00edas procedieron a la suspensi\u00f3n de las actividades.<\/p>\n<p>Durante el procedimiento de control ambiental fueron detenidos tres hombres, que cumpl\u00edan actividades de extracci\u00f3n ilegal del mineral y deber\u00e1n responder por explotaci\u00f3n il\u00edcita de yacimiento minero. Los agentes se incautaron de dos volquetas, utilizadas para llevar a cabo la pr\u00e1ctica ilegal.<\/p>\n<p>La Polic\u00eda Metropolitana de C\u00facuta le record\u00f3 a la comunidad que se dar\u00e1 continuidad a este tipo de planes para cerrarles el paso a la miner\u00eda ilegal y explotaci\u00f3n il\u00edcita de los recursos naturales y minerales. De esta manera protege el patrimonio natural de la regi\u00f3n.<\/p>\n<p>&nbsp; <\/p>\n","protected":false},"excerpt":{"rendered":"<p>C\u00daCUTA.- La Polic\u00eda Metropolitana de C\u00facuta adelanta planes de control para vigilar la explotaci\u00f3n minera y la contaminaci\u00f3n de las fuentes h\u00eddricas en la regi\u00f3n. En las \u00faltimas horas desarroll\u00f3 un operativo en una mina de carb\u00f3n mineral para constatar el cumplimiento de las normas ambientales. El plan de control fue desplegado por uniformados de &hellip;<\/p>\n","protected":false},"author":1,"featured_media":30199,"comment_status":"open","ping_status":"open","sticky":false,"template":"","format":"standard","meta":{"footnotes":""},"categories":[11,4,347],"tags":[323,1408,163],"class_list":["post-30198","post","type-post","status-publish","format-standard","has-post-thumbnail","hentry","category-cronica-roja","category-barra","category-medio-ambiente","tag-mecuc","tag-mineria-ilegal-en-norte-de-santander","tag-policia-metropolitana"],"_links":{"self":[{"href":"https:\/\/contraluzcucuta.co\/index.php?rest_route=\/wp\/v2\/posts\/30198","targetHints":{"allow":["GET"]}}],"collection":[{"href":"https:\/\/contraluzcucuta.co\/index.php?rest_route=\/wp\/v2\/posts"}],"about":[{"href":"https:\/\/contraluzcucuta.co\/index.php?rest_route=\/wp\/v2\/types\/post"}],"author":[{"embeddable":true,"href":"https:\/\/contraluzcucuta.co\/index.php?rest_route=\/wp\/v2\/users\/1"}],"replies":[{"embeddable":true,"href":"https:\/\/contraluzcucuta.co\/index.php?rest_route=%2Fwp%2Fv2%2Fcomments&post=30198"}],"version-history":[{"count":1,"href":"https:\/\/contraluzcucuta.co\/index.php?rest_route=\/wp\/v2\/posts\/30198\/revisions"}],"predecessor-version":[{"id":30200,"href":"https:\/\/contraluzcucuta.co\/index.php?rest_route=\/wp\/v2\/posts\/30198\/revisions\/30200"}],"wp:featuredmedia":[{"embeddable":true,"href":"https:\/\/contraluzcucuta.co\/index.php?rest_route=\/wp\/v2\/media\/30199"}],"wp:attachment":[{"href":"https:\/\/contraluzcucuta.co\/index.php?rest_route=%2Fwp%2Fv2%2Fmedia&parent=30198"}],"wp:term":[{"taxonomy":"category","embeddable":true,"href":"https:\/\/contraluzcucuta.co\/index.php?rest_route=%2Fwp%2Fv2%2Fcategories&post=30198"},{"taxonomy":"post_tag","embeddable":true,"href":"https:\/\/contraluzcucuta.co\/index.php?rest_route=%2Fwp%2Fv2%2Ftags&post=30198"}],"curies":[{"name":"wp","href":"https:\/\/api.w.org\/{rel}","templated":true}]}}