{"id":30195,"date":"2017-07-20T20:37:47","date_gmt":"2017-07-21T01:37:47","guid":{"rendered":"http:\/\/contraluzcucuta.co\/?p=30195"},"modified":"2017-07-20T20:37:47","modified_gmt":"2017-07-21T01:37:47","slug":"20-de-julio-en-cucuta-sencilla-y-concurrida-celebracion-del-grito-de-independencia","status":"publish","type":"post","link":"https:\/\/contraluzcucuta.co\/?p=30195","title":{"rendered":"20 DE JULIO EN C\u00daCUTA. Sencilla y concurrida celebraci\u00f3n del grito de independencia"},"content":{"rendered":"<p><strong>C\u00daCUTA.-<\/strong> La repentina directriz del Ministerio de Cultura oblig\u00f3 el traslado del tradicional desfile c\u00edvico-militar del 20 de julio por la Avenida Los Libertadores a Pamplona. La orden no fue obst\u00e1culo para que en C\u00facuta se celebrara la fiesta patria. El alcalde C\u00e9sar Rojas convoc\u00f3 a la ciudadan\u00eda para mantener la tradici\u00f3n, con un acto patri\u00f3tico en el Parque Sim\u00f3n Bol\u00edvar.<\/p>\n<p>Ni la lluvia, ni la ausencia de los destacamentos del Ej\u00e9rcito y de la Polic\u00eda impidieron que centenares de cucute\u00f1os se dieran cita al encuentro multicolor. Adultos, j\u00f3venes y ni\u00f1os refrendaron el sentido de pertenec\u00eda y patriotismo en el acto que incluy\u00f3 la izada de los pabellones de Colombia, Norte de Santander y C\u00facuta, interpretados por la Sinf\u00f3nica Batuta. La intervenci\u00f3n acad\u00e9mica estuvo a cargo de Iv\u00e1n Vila Casado, miembro de la Academia de Historia de Norte de Santander.<\/p>\n<p>Vila Casado cont\u00f3 la importancia desde el punto de vista constitucional de lo sucedido el 20 y 21 de julio de 1810. Coloquialmente, las narraciones se limitan a la disputa por el florero y la firma del Acta de Independencia. El historiador, \u00fanico en hacer uso de la palabra, desestim\u00f3 posturas de historiadores que no les dan trascendencia a los hechos.<\/p>\n<p>Las bandas de paz recrearon con los acordes de la marcha triunfal de Aida, el momento de las ofrendas florales a cargo de la Alcald\u00eda de C\u00facuta, Polic\u00eda, Ej\u00e9rcito y Consulado de la Rep\u00fablica Bolivariana de Venezuela.<\/p>\n<p>Mauricio Franco, secretario de Seguridad Ciudadana, expres\u00f3 el sentir de la actividad.\u201dAqu\u00ed estamos, en C\u00facuta, no dejando pasar esta importante fecha. Celebremos este d\u00eda izando los pabellones en nuestros hogares y tambi\u00e9n dentro del marco de la Feria de C\u00facuta\u201d.<\/p>\n<p>Acompa\u00f1aron a la administraci\u00f3n municipal, el comandante de la Polic\u00eda Metropolitana de C\u00facuta, coronel Hermes Javier Barrera Blanco; Nelson Ovalles, presidente del Concejo, miembros de la Academia de Historia de Norte de Santander e invitados especiales.<\/p>\n<p><strong>Foto: PRENSA ALCALD\u00cdA<\/strong><\/p>\n<p>&nbsp; <\/p>\n","protected":false},"excerpt":{"rendered":"<p>C\u00daCUTA.- La repentina directriz del Ministerio de Cultura oblig\u00f3 el traslado del tradicional desfile c\u00edvico-militar del 20 de julio por la Avenida Los Libertadores a Pamplona. La orden no fue obst\u00e1culo para que en C\u00facuta se celebrara la fiesta patria. El alcalde C\u00e9sar Rojas convoc\u00f3 a la ciudadan\u00eda para mantener la tradici\u00f3n, con un acto &hellip;<\/p>\n","protected":false},"author":1,"featured_media":30196,"comment_status":"open","ping_status":"open","sticky":false,"template":"","format":"standard","meta":{"footnotes":""},"categories":[2625,4],"tags":[226,340],"class_list":["post-30195","post","type-post","status-publish","format-standard","has-post-thumbnail","hentry","category-alcaldia-de-cucuta","category-barra","tag-alcaldia-de-cucuta","tag-desfile-del-20-de-julio"],"_links":{"self":[{"href":"https:\/\/contraluzcucuta.co\/index.php?rest_route=\/wp\/v2\/posts\/30195","targetHints":{"allow":["GET"]}}],"collection":[{"href":"https:\/\/contraluzcucuta.co\/index.php?rest_route=\/wp\/v2\/posts"}],"about":[{"href":"https:\/\/contraluzcucuta.co\/index.php?rest_route=\/wp\/v2\/types\/post"}],"author":[{"embeddable":true,"href":"https:\/\/contraluzcucuta.co\/index.php?rest_route=\/wp\/v2\/users\/1"}],"replies":[{"embeddable":true,"href":"https:\/\/contraluzcucuta.co\/index.php?rest_route=%2Fwp%2Fv2%2Fcomments&post=30195"}],"version-history":[{"count":1,"href":"https:\/\/contraluzcucuta.co\/index.php?rest_route=\/wp\/v2\/posts\/30195\/revisions"}],"predecessor-version":[{"id":30197,"href":"https:\/\/contraluzcucuta.co\/index.php?rest_route=\/wp\/v2\/posts\/30195\/revisions\/30197"}],"wp:featuredmedia":[{"embeddable":true,"href":"https:\/\/contraluzcucuta.co\/index.php?rest_route=\/wp\/v2\/media\/30196"}],"wp:attachment":[{"href":"https:\/\/contraluzcucuta.co\/index.php?rest_route=%2Fwp%2Fv2%2Fmedia&parent=30195"}],"wp:term":[{"taxonomy":"category","embeddable":true,"href":"https:\/\/contraluzcucuta.co\/index.php?rest_route=%2Fwp%2Fv2%2Fcategories&post=30195"},{"taxonomy":"post_tag","embeddable":true,"href":"https:\/\/contraluzcucuta.co\/index.php?rest_route=%2Fwp%2Fv2%2Ftags&post=30195"}],"curies":[{"name":"wp","href":"https:\/\/api.w.org\/{rel}","templated":true}]}}