{"id":30153,"date":"2017-07-16T12:27:33","date_gmt":"2017-07-16T17:27:33","guid":{"rendered":"http:\/\/contraluzcucuta.co\/?p=30153"},"modified":"2017-07-16T12:27:33","modified_gmt":"2017-07-16T17:27:33","slug":"entrevista-el-arte-ha-dado-casa-carro-y-beca-y-tengo-mujer","status":"publish","type":"post","link":"https:\/\/contraluzcucuta.co\/?p=30153","title":{"rendered":"ENTREVISTA. El arte me ha dado \u2018casa, carro y beca\u2019, y tengo mujer."},"content":{"rendered":"<p><strong>C\u00daCUTA.-<\/strong> A la entrada del Club Comercio, a mano derecha, el visitante puede deleitarse con el mural colorido de 7,50 metros de largo por 2,50 de alto. La obra contiene la historia de la ciudad y cada cuadro representa un especial de C\u00facuta. El trabajo es del maestro Jorge Hern\u00e1ndez Vega. &nbsp;&nbsp;<\/p>\n<ul>\n<li>Tengo 45 a\u00f1os de estar en este trabajo. Estudi\u00e9 en Bogot\u00e1 y Europa. Estoy radicado en C\u00facuta. Soy hijo de cucute\u00f1os y soy cucute\u00f1o. El arte es mi pasi\u00f3n, es mi vida.<\/li>\n<\/ul>\n<p>Tiene un taller en el que ha preparado a mucha gente. Los alumnos, luego de aprendido el arte, toman por distintos caminos y se independizan para mostrar sus creaciones. El inter\u00e9s del maestro es darle a C\u00facuta la relevancia que tiene culturalmente y que ha tenido en el pasar de los a\u00f1os.<\/p>\n<p>La especializaci\u00f3n es la pintura, pero en el taller da clases y cursos de modelado, pintura, escultura y tejido. El c\u00famulo de estudios le produce emoci\u00f3n y placer, satisfacciones que complementa en el hogar por cuanto est\u00e1 casado con una pintora. Trabaja el \u00f3leo.<\/p>\n<p>En la Cl\u00ednica del Ri\u00f1\u00f3n hay otro trabajo que habla sobre Tib\u00fa, los ind\u00edgenas y la fauna, es de 3,50 metros de alto por 2,80 de ancho. Eso para Jorge Hern\u00e1ndez es representativo, adem\u00e1s de las obras que hay regadas en el pa\u00eds. En Bogot\u00e1, en el edificio de la Veedur\u00eda, hay otro mural sobre lo precolombino. Actualmente, trabaja para revivir el dise\u00f1o de los ind\u00edgenas.<\/p>\n<p><strong>\u00bfDel arte se puede vivir bien, maestro?<\/strong><\/p>\n<ul>\n<li><em>No me puedo quejar, mano. Tengo \u2018casa, carro y beca\u2019, y tengo mujer, que trabaja en lo mismo. Es dif\u00edcil, pero no me puedo quejar.<\/em><\/li>\n<\/ul>\n<p>Norte de Santander goza de fama por la buena arcilla que se encuentra. Hern\u00e1ndez Vega tiene la concepci\u00f3n que debe dejarse de hacer puros tubos, ladrillos, tejas y todos los elementos que se elaboran, para dedicarse a embellecer la arcilla y darle un planeamiento a la ciudad en el modo est\u00e9tico o de cultura.<\/p>\n<p>En esta direcci\u00f3n, el maestro Jorge Hern\u00e1ndez ha estado al frente de seis versiones del Sal\u00f3n del Arte y del Fuego, en la Torre del reloj. En este a\u00f1o la exposici\u00f3n es el homenaje merecido a Adelita Gonz\u00e1lez de Y\u00e1\u00f1ez. En la sala hay trabajos de ella como ceramista. Un d\u00eda se vino de Boyac\u00e1 para establecerse en Norte de Santander para trabajar con la arcilla.<\/p>\n<ul>\n<li><em>Esto se hace con ese sentido, que vayamos aprendiendo que el arte nos tranquiliza el esp\u00edritu y que nos da y nos eleva la cultura.<\/em><\/li>\n<\/ul>\n<p>El principio fundamental de la exposici\u00f3n es darle otro uso a la arcilla o al fuego. Hay obras en hierro, pirograbados y otros elementos en los que se puede trabajar con el fuego. Hay dibujo al carboncillo, la explicaci\u00f3n es que el carb\u00f3n est\u00e1 pasado por fuego para que pueda ser lo que es. Por eso entra a competir en el sal\u00f3n.<\/p>\n<p>Los resultados muestran que los cucute\u00f1os son creativos y positivos. Solo hay que darles con qu\u00e9 trabajar o decirles c\u00f3mo llevar los elementos para que se expresen y responden.<\/p>\n<p><strong>\u00bfCu\u00e1ntos artistas se presentaron para esta versi\u00f3n?<\/strong><\/p>\n<ul>\n<li><em>En el 2017, tuvimos 40 trabajos, y se seleccionaron 16. El jurado hizo la selecci\u00f3n. Hay alfarer\u00eda, tornado a mano que es un trabajo milenario; hierro retorcido, al fuego; parafina, con un rostro sobre cemento; arcilla cocida, representa varios rostros del ser humano; manos como un \u00e1rbol, escultura en arcilla; representaci\u00f3n de una mujer con bol\u00edvares, que no tenemos, y algo contempor\u00e1neo que son las velitas sobre madera y se le da el planteamiento est\u00e9tico.<\/em><\/li>\n<\/ul>\n<p>El premio para el ganador, en la medida que los artistas le toman inter\u00e9s al Sal\u00f3n, ha crecido en el momento. Antes, se pagaban $ 500.000 y ahora est\u00e1 en un mill\u00f3n de pesos. La organizaci\u00f3n trabaja con recursos de la secretar\u00eda de Cultura de Norte de Santander y del Ministerio de Cultura.<\/p>\n<p><strong>\u00bfEn qu\u00e9 se invierten esos recursos oficiales?<\/strong><\/p>\n<ul>\n<li><em>En organizar seis salones anuales, con eso debemos trabajar. Tenemos el respaldo del grupo art\u00edstico Salvador Moreno, el m\u00e1s antiguo en Colombia.<\/em><\/li>\n<\/ul>\n<p><strong>\u00bfQu\u00e9 tanta creatividad hay en Norte de Santander para trabajar estos elementos?<\/strong><\/p>\n<ul>\n<li><em>Hay bastante y no solo en arcilla, tambi\u00e9n hay en pintura, en talla\u2026 Hay mucha creatividad. Lo que pasa es que no les damos la posibilidad de mostrarse y de que sean visibles. Y, adem\u00e1s, los cucute\u00f1os acuden poco a estas exposiciones.<\/em><\/li>\n<\/ul>\n<p><strong>RAFAEL ANTONIO PAB\u00d3N<\/strong><\/p>\n<p><strong><a href=\"mailto:rafaelpabon58@hotmail.com\">rafaelpabon58@hotmail.com<\/a><\/strong><\/p>\n<p><strong>Foto: <a href=\"http:\/\/www.contraluzcucuta.co\">www.contraluzcucuta.co<\/a><\/strong><\/p>\n<p>&nbsp;<\/p>\n<p>&nbsp;<\/p>\n<p>&nbsp; <\/p>\n","protected":false},"excerpt":{"rendered":"<p>C\u00daCUTA.- A la entrada del Club Comercio, a mano derecha, el visitante puede deleitarse con el mural colorido de 7,50 metros de largo por 2,50 de alto. La obra contiene la historia de la ciudad y cada cuadro representa un especial de C\u00facuta. El trabajo es del maestro Jorge Hern\u00e1ndez Vega. &nbsp;&nbsp; Tengo 45 a\u00f1os &hellip;<\/p>\n","protected":false},"author":1,"featured_media":30154,"comment_status":"open","ping_status":"open","sticky":false,"template":"","format":"standard","meta":{"footnotes":""},"categories":[17,4],"tags":[2929,3694,3695],"class_list":["post-30153","post","type-post","status-publish","format-standard","has-post-thumbnail","hentry","category-conversaciones-a-contraluz","category-barra","tag-conversaciones-a-contraluz","tag-jorge-hernandez-vega","tag-salon-del-arte-y-del-fuego"],"_links":{"self":[{"href":"https:\/\/contraluzcucuta.co\/index.php?rest_route=\/wp\/v2\/posts\/30153","targetHints":{"allow":["GET"]}}],"collection":[{"href":"https:\/\/contraluzcucuta.co\/index.php?rest_route=\/wp\/v2\/posts"}],"about":[{"href":"https:\/\/contraluzcucuta.co\/index.php?rest_route=\/wp\/v2\/types\/post"}],"author":[{"embeddable":true,"href":"https:\/\/contraluzcucuta.co\/index.php?rest_route=\/wp\/v2\/users\/1"}],"replies":[{"embeddable":true,"href":"https:\/\/contraluzcucuta.co\/index.php?rest_route=%2Fwp%2Fv2%2Fcomments&post=30153"}],"version-history":[{"count":1,"href":"https:\/\/contraluzcucuta.co\/index.php?rest_route=\/wp\/v2\/posts\/30153\/revisions"}],"predecessor-version":[{"id":30155,"href":"https:\/\/contraluzcucuta.co\/index.php?rest_route=\/wp\/v2\/posts\/30153\/revisions\/30155"}],"wp:featuredmedia":[{"embeddable":true,"href":"https:\/\/contraluzcucuta.co\/index.php?rest_route=\/wp\/v2\/media\/30154"}],"wp:attachment":[{"href":"https:\/\/contraluzcucuta.co\/index.php?rest_route=%2Fwp%2Fv2%2Fmedia&parent=30153"}],"wp:term":[{"taxonomy":"category","embeddable":true,"href":"https:\/\/contraluzcucuta.co\/index.php?rest_route=%2Fwp%2Fv2%2Fcategories&post=30153"},{"taxonomy":"post_tag","embeddable":true,"href":"https:\/\/contraluzcucuta.co\/index.php?rest_route=%2Fwp%2Fv2%2Ftags&post=30153"}],"curies":[{"name":"wp","href":"https:\/\/api.w.org\/{rel}","templated":true}]}}