{"id":30132,"date":"2017-07-14T17:14:38","date_gmt":"2017-07-14T22:14:38","guid":{"rendered":"http:\/\/contraluzcucuta.co\/?p=30132"},"modified":"2017-07-14T17:17:18","modified_gmt":"2017-07-14T22:17:18","slug":"moda-con-un-proposito-senorita-colombia-desfilara-por-los-cucutenos-desvalidos","status":"publish","type":"post","link":"https:\/\/contraluzcucuta.co\/?p=30132","title":{"rendered":"MODA CON UN PROP\u00d3SITO. Se\u00f1orita Colombia desfilar\u00e1 por los cucute\u00f1os desvalidos"},"content":{"rendered":"<p><strong>C\u00daCUTA.-<\/strong> El 80 por ciento de los recursos que se obtengan en el desfile Moda con un Prop\u00f3sito ser\u00e1n destinados para fortalecer el trabajo social de las fundaciones que se vincularon al evento. La organizaci\u00f3n corre por cuenta del despacho de la gestora social, con apoyo del Comit\u00e9 Departamental de Belleza.<\/p>\n<p>Los dise\u00f1adores locales presentaron las m\u00e1s recientes colecciones de moda en los jardines del Palacio de Gobierno Departamental. La actividad fue el abrebocas de lo que ser\u00e1 el acto central del 11 de agosto.<\/p>\n<p>La puesta en escena permitir\u00e1 recaudar fondos para apoyar la labor de 24 fundaciones. La Se\u00f1orita Colombia 2017, Laura Gonz\u00e1lez Ospina; las finalistas del Concurso Nacional de Belleza, y los artistas Iv\u00e1n L\u00f3pez, Milena L\u00f3pez y Mike Bah\u00eda estar\u00e1n en la noche de gala.<\/p>\n<p>En el 2016, se recaudaron $ 64 millones para acompa\u00f1ar el trabajo de las fundaciones. La meta para el 2017, es alcanzar los $ 100 millones y seguir apost\u00e1ndole al beneficio de ni\u00f1os, adolescentes y j\u00f3venes.<\/p>\n<p>Para alcanzar el objetivo, las boletas tendr\u00e1n valores que oscilan entre $ 30.000, $ 40.000 y $ 50.000. Diez por ciento ser\u00e1 destinado para la preparaci\u00f3n de la Se\u00f1orita Norte de Santander y 10 % para cubrir los gastos log\u00edsticos del evento.&nbsp;<\/p>\n<p>La primera dama Cecilia Soler lidera el acto, junto al Comit\u00e9 Departamental de Belleza. Los cucute\u00f1os presenciar\u00e1n una actividad en la que la moda y la belleza unir\u00e1n los corazones para fortalecer el trabajo por los vulnerables.<\/p>\n<p>\u201cContribuir al bienestar de toda la poblaci\u00f3n que necesita de una mano amiga es posible y el a\u00f1o pasado logramos hacerlo. En este 2017 llegaremos a m\u00e1s fundaciones porque entendemos que es posible Un Norte Productivo Para Todos, trabajando unidos\u201d.<\/p>\n<p>Estas son las fundaciones que ser\u00e1n apoyadas por \u2018Moda y Belleza con un Prop\u00f3sito 2017\u2019:<\/p>\n<p>1.- Hogar Santa Rosa de Lima<\/p>\n<p>2.- Fundaci\u00f3n Senderos de La Esperanza<\/p>\n<p>3.- Fundaci\u00f3n Mi Fortaleza<\/p>\n<p>4.- Club Rotario C\u00facuta Ciudad de los \u00c1rboles<\/p>\n<p>5.- Fundaci\u00f3n HUM<\/p>\n<p>6.- Fundaci\u00f3n Colombia Tierra Feliz<\/p>\n<p>7.- Fundaci\u00f3n Phane<\/p>\n<p>8.- Fundaci\u00f3n Hoasis<\/p>\n<p>9.- Corporaci\u00f3n Corprodinco<\/p>\n<p>10.- Asociaci\u00f3n Hogares Juveniles Campesinos<\/p>\n<p>11.- Fundaci\u00f3n Oasis para las Naciones<\/p>\n<p>12.- Fundaci\u00f3n Esperanza de Ser<\/p>\n<p>13.- Fundaci\u00f3n Social Cristiana Nueva Vida<\/p>\n<p>14.- Asociaci\u00f3n Servir Obras Sociales<\/p>\n<p>15.- Fundaci\u00f3n Censurados<\/p>\n<p>16.- Corporaci\u00f3n Social y Deportiva Nidia<\/p>\n<p>17.- Fundaci\u00f3n Rosa Delia Ch\u00e1vez<\/p>\n<p>18.- Fundaci\u00f3n Solo Caritas<\/p>\n<p>19.- Corporaci\u00f3n Cordelipar<\/p>\n<p>20.- Fundaci\u00f3n Pardine<\/p>\n<p>21.- Fundaci\u00f3n Villadiegos y sus paticas<\/p>\n<p>22.- ONG Corporaci\u00f3n Fronteras<\/p>\n<p>23.- Fundaci\u00f3n Proyectando Innovaci\u00f3n Soluci\u00f3n Creativas<\/p>\n<p>24.- Voluntariado de Liga Contra el C\u00e1ncer. <\/p>\n","protected":false},"excerpt":{"rendered":"<p>C\u00daCUTA.- El 80 por ciento de los recursos que se obtengan en el desfile Moda con un Prop\u00f3sito ser\u00e1n destinados para fortalecer el trabajo social de las fundaciones que se vincularon al evento. La organizaci\u00f3n corre por cuenta del despacho de la gestora social, con apoyo del Comit\u00e9 Departamental de Belleza. Los dise\u00f1adores locales presentaron &hellip;<\/p>\n","protected":false},"author":1,"featured_media":30135,"comment_status":"open","ping_status":"open","sticky":false,"template":"","format":"standard","meta":{"footnotes":""},"categories":[4,2630],"tags":[],"class_list":["post-30132","post","type-post","status-publish","format-standard","has-post-thumbnail","hentry","category-barra","category-gobernacion"],"_links":{"self":[{"href":"https:\/\/contraluzcucuta.co\/index.php?rest_route=\/wp\/v2\/posts\/30132","targetHints":{"allow":["GET"]}}],"collection":[{"href":"https:\/\/contraluzcucuta.co\/index.php?rest_route=\/wp\/v2\/posts"}],"about":[{"href":"https:\/\/contraluzcucuta.co\/index.php?rest_route=\/wp\/v2\/types\/post"}],"author":[{"embeddable":true,"href":"https:\/\/contraluzcucuta.co\/index.php?rest_route=\/wp\/v2\/users\/1"}],"replies":[{"embeddable":true,"href":"https:\/\/contraluzcucuta.co\/index.php?rest_route=%2Fwp%2Fv2%2Fcomments&post=30132"}],"version-history":[{"count":1,"href":"https:\/\/contraluzcucuta.co\/index.php?rest_route=\/wp\/v2\/posts\/30132\/revisions"}],"predecessor-version":[{"id":30133,"href":"https:\/\/contraluzcucuta.co\/index.php?rest_route=\/wp\/v2\/posts\/30132\/revisions\/30133"}],"wp:featuredmedia":[{"embeddable":true,"href":"https:\/\/contraluzcucuta.co\/index.php?rest_route=\/wp\/v2\/media\/30135"}],"wp:attachment":[{"href":"https:\/\/contraluzcucuta.co\/index.php?rest_route=%2Fwp%2Fv2%2Fmedia&parent=30132"}],"wp:term":[{"taxonomy":"category","embeddable":true,"href":"https:\/\/contraluzcucuta.co\/index.php?rest_route=%2Fwp%2Fv2%2Fcategories&post=30132"},{"taxonomy":"post_tag","embeddable":true,"href":"https:\/\/contraluzcucuta.co\/index.php?rest_route=%2Fwp%2Fv2%2Ftags&post=30132"}],"curies":[{"name":"wp","href":"https:\/\/api.w.org\/{rel}","templated":true}]}}